{"id":494,"date":"2026-03-19T16:08:56","date_gmt":"2026-03-19T15:08:56","guid":{"rendered":"https:\/\/bartkowka.przemyska.pl\/?p=494"},"modified":"2026-03-31T12:32:18","modified_gmt":"2026-03-31T10:32:18","slug":"rekolekcje-wielkopostne-2026","status":"publish","type":"post","link":"https:\/\/bartkowka.przemyska.pl\/?p=494","title":{"rendered":"Rekolekcje Wielkopostne 2026"},"content":{"rendered":"\n<p>\u0141aci\u0144skie s\u0142owo\u00a0<em>recollectio<\/em>\u00a0oznacza: \u201epozbiera\u0107 na nowo, powr\u00f3ci\u0107 do wn\u0119trza, odzyska\u0107 skupienie\u201d. Zatem ju\u017c sam termin pokazuje nam, \u017ce rekolekcje w naszym \u017cyciu nie s\u0105 luksusem, ale konieczno\u015bci\u0105. W dobie prze\u0142adowania bod\u017acami, nat\u0142oku informacji, gdzie nasze g\u0142owy s\u0105 nimi wypchane jak walizka na lotnisku, powinni\u015bmy si\u0119 umie\u0107 zatrzyma\u0107, \u017ceby niemal za chwil\u0105 wr\u00f3ci\u0107 do codzienno\u015bci z nowym spojrzeniem, odnowionym sercem. W rekolekcjach nie chodzi o religijne nauki czy emocjonalne prze\u017cycie, ale o powr\u00f3t do centrum! Rekolekcje polegaj\u0105 na robieniu miejsca S\u0142owu Pana Boga. Do tego potrzebna jest cisza, dystans do bie\u017c\u0105cych zaj\u0119\u0107, wyj\u015bcie z codziennego ha\u0142asu.<\/p>\n\n\n\n<p class=\"has-medium-font-size\">Program:<br><strong>\u2013 w pi\u0105tek 20.03<\/strong><br>o 17:00 Droga krzy\u017cowa, Msza \u015bwi\u0119ta z nauk\u0105 og\u00f3ln\u0105, a po niej nauka rekolekcyjna dla m\u0142odzie\u017cy (7, 8 klasa szko\u0142y podstawowej oraz m\u0142odzie\u017c szk\u00f3\u0142 ponadpodstawowych)<br><strong>\u2013 w sobot\u0119 21.03<\/strong><br>o 9:00 Msza \u015bwi\u0119ta z nauk\u0105 rekolekcyjn\u0105 dla dzieci (do 6 klasy)<br>o 17:00 Msza \u015bwi\u0119ta z nauk\u0105 og\u00f3ln\u0105, po niej konferencja dla rodzic\u00f3w i ma\u0142\u017conk\u00f3w<br><strong>\u2013 w niedziel\u0119 22.03<\/strong><br>o 8:00 i 10:30 Msza \u015bwi\u0119ta z nauk\u0105 rekolekcyjn\u0105<br>o 15:00 Gorzkie \u017cale z kazaniem pasyjnym, po niej dodatkowa Msza \u015bwi\u0119ta<\/p>\n","protected":false},"excerpt":{"rendered":"<p>\u0141aci\u0144skie s\u0142owo\u00a0recollectio\u00a0oznacza: \u201epozbiera\u0107 na nowo, powr\u00f3ci\u0107 do wn\u0119trza, odzyska\u0107 skupienie\u201d. Zatem ju\u017c sam termin pokazuje nam, \u017ce rekolekcje w naszym [&hellip;]<\/p>\n","protected":false},"author":2,"featured_media":563,"comment_status":"open","ping_status":"open","sticky":false,"template":"","format":"standard","meta":{"site-sidebar-layout":"default","site-content-layout":"","ast-site-content-layout":"default","site-content-style":"default","site-sidebar-style":"default","ast-global-header-display":"","ast-banner-title-visibility":"","ast-main-header-display":"","ast-hfb-above-header-display":"","ast-hfb-below-header-display":"","ast-hfb-mobile-header-display":"","site-post-title":"","ast-breadcrumbs-content":"","ast-featured-img":"disabled","footer-sml-layout":"","ast-disable-related-posts":"","theme-transparent-header-meta":"","adv-header-id-meta":"","stick-header-meta":"","header-above-stick-meta":"","header-main-stick-meta":"","header-below-stick-meta":"","astra-migrate-meta-layouts":"default","ast-page-background-enabled":"default","ast-page-background-meta":{"desktop":{"background-color":"var(--ast-global-color-5)","background-image":"","background-repeat":"repeat","background-position":"center center","background-size":"auto","background-attachment":"scroll","background-type":"","background-media":"","overlay-type":"","overlay-color":"","overlay-opacity":"","overlay-gradient":""},"tablet":{"background-color":"","background-image":"","background-repeat":"repeat","background-position":"center center","background-size":"auto","background-attachment":"scroll","background-type":"","background-media":"","overlay-type":"","overlay-color":"","overlay-opacity":"","overlay-gradient":""},"mobile":{"background-color":"","background-image":"","background-repeat":"repeat","background-position":"center center","background-size":"auto","background-attachment":"scroll","background-type":"","background-media":"","overlay-type":"","overlay-color":"","overlay-opacity":"","overlay-gradient":""}},"ast-content-background-meta":{"desktop":{"background-color":"var(--ast-global-color-4)","background-image":"","background-repeat":"repeat","background-position":"center center","background-size":"auto","background-attachment":"scroll","background-type":"","background-media":"","overlay-type":"","overlay-color":"","overlay-opacity":"","overlay-gradient":""},"tablet":{"background-color":"var(--ast-global-color-4)","background-image":"","background-repeat":"repeat","background-position":"center center","background-size":"auto","background-attachment":"scroll","background-type":"","background-media":"","overlay-type":"","overlay-color":"","overlay-opacity":"","overlay-gradient":""},"mobile":{"background-color":"var(--ast-global-color-4)","background-image":"","background-repeat":"repeat","background-position":"center center","background-size":"auto","background-attachment":"scroll","background-type":"","background-media":"","overlay-type":"","overlay-color":"","overlay-opacity":"","overlay-gradient":""}},"footnotes":""},"categories":[7],"tags":[],"class_list":["post-494","post","type-post","status-publish","format-standard","has-post-thumbnail","hentry","category-aktualnosci"],"yoast_head":"<!-- This site is optimized with the Yoast SEO plugin v27.4 - https:\/\/yoast.com\/product\/yoast-seo-wordpress\/ -->\n<title>Rekolekcje Wielkopostne 2026 - Parafia pw. \u015bw. Bart\u0142omieja w Dynowie<\/title>\n<meta name=\"robots\" content=\"index, follow, max-snippet:-1, max-image-preview:large, max-video-preview:-1\" \/>\n<link rel=\"canonical\" href=\"https:\/\/bartkowka.przemyska.pl\/?p=494\" \/>\n<meta property=\"og:locale\" content=\"pl_PL\" \/>\n<meta property=\"og:type\" content=\"article\" \/>\n<meta property=\"og:title\" content=\"Rekolekcje Wielkopostne 2026 - Parafia pw. \u015bw. Bart\u0142omieja w Dynowie\" \/>\n<meta property=\"og:description\" content=\"\u0141aci\u0144skie s\u0142owo\u00a0recollectio\u00a0oznacza: \u201epozbiera\u0107 na nowo, powr\u00f3ci\u0107 do wn\u0119trza, odzyska\u0107 skupienie\u201d. Zatem ju\u017c sam termin pokazuje nam, \u017ce rekolekcje w naszym [&hellip;]\" \/>\n<meta property=\"og:url\" content=\"https:\/\/bartkowka.przemyska.pl\/?p=494\" \/>\n<meta property=\"og:site_name\" content=\"Parafia pw. \u015bw. Bart\u0142omieja w Dynowie\" \/>\n<meta property=\"article:publisher\" content=\"https:\/\/www.facebook.com\/p\/Parafia-w-Bartomieja-w-Bartkwce-100071277346388\/\" \/>\n<meta property=\"article:published_time\" content=\"2026-03-19T15:08:56+00:00\" \/>\n<meta property=\"article:modified_time\" content=\"2026-03-31T10:32:18+00:00\" \/>\n<meta property=\"og:image\" content=\"https:\/\/bartkowka.przemyska.pl\/wp-content\/uploads\/2026\/03\/Rekolekcje-1024x683.png\" \/>\n\t<meta property=\"og:image:width\" content=\"1024\" \/>\n\t<meta property=\"og:image:height\" content=\"683\" \/>\n\t<meta property=\"og:image:type\" content=\"image\/png\" \/>\n<meta name=\"author\" content=\"proboszcz\" \/>\n<meta name=\"twitter:card\" content=\"summary_large_image\" \/>\n<meta name=\"twitter:label1\" content=\"Napisane przez\" \/>\n\t<meta name=\"twitter:data1\" content=\"proboszcz\" \/>\n\t<meta name=\"twitter:label2\" content=\"Szacowany czas czytania\" \/>\n\t<meta name=\"twitter:data2\" content=\"2 minuty\" \/>\n<script type=\"application\/ld+json\" class=\"yoast-schema-graph\">{\"@context\":\"https:\\\/\\\/schema.org\",\"@graph\":[{\"@type\":\"Article\",\"@id\":\"https:\\\/\\\/bartkowka.przemyska.pl\\\/?p=494#article\",\"isPartOf\":{\"@id\":\"https:\\\/\\\/bartkowka.przemyska.pl\\\/?p=494\"},\"author\":{\"name\":\"proboszcz\",\"@id\":\"https:\\\/\\\/bartkowka.przemyska.pl\\\/#\\\/schema\\\/person\\\/b2317833dc8aadb5912f504e78308176\"},\"headline\":\"Rekolekcje Wielkopostne 2026\",\"datePublished\":\"2026-03-19T15:08:56+00:00\",\"dateModified\":\"2026-03-31T10:32:18+00:00\",\"mainEntityOfPage\":{\"@id\":\"https:\\\/\\\/bartkowka.przemyska.pl\\\/?p=494\"},\"wordCount\":202,\"commentCount\":0,\"publisher\":{\"@id\":\"https:\\\/\\\/bartkowka.przemyska.pl\\\/#organization\"},\"image\":{\"@id\":\"https:\\\/\\\/bartkowka.przemyska.pl\\\/?p=494#primaryimage\"},\"thumbnailUrl\":\"https:\\\/\\\/bartkowka.przemyska.pl\\\/wp-content\\\/uploads\\\/2026\\\/03\\\/Rekolekcje.png\",\"articleSection\":[\"Aktualno\u015bci\"],\"inLanguage\":\"pl-PL\",\"potentialAction\":[{\"@type\":\"CommentAction\",\"name\":\"Comment\",\"target\":[\"https:\\\/\\\/bartkowka.przemyska.pl\\\/?p=494#respond\"]}]},{\"@type\":\"WebPage\",\"@id\":\"https:\\\/\\\/bartkowka.przemyska.pl\\\/?p=494\",\"url\":\"https:\\\/\\\/bartkowka.przemyska.pl\\\/?p=494\",\"name\":\"Rekolekcje Wielkopostne 2026 - Parafia pw. \u015bw. Bart\u0142omieja w Dynowie\",\"isPartOf\":{\"@id\":\"https:\\\/\\\/bartkowka.przemyska.pl\\\/#website\"},\"primaryImageOfPage\":{\"@id\":\"https:\\\/\\\/bartkowka.przemyska.pl\\\/?p=494#primaryimage\"},\"image\":{\"@id\":\"https:\\\/\\\/bartkowka.przemyska.pl\\\/?p=494#primaryimage\"},\"thumbnailUrl\":\"https:\\\/\\\/bartkowka.przemyska.pl\\\/wp-content\\\/uploads\\\/2026\\\/03\\\/Rekolekcje.png\",\"datePublished\":\"2026-03-19T15:08:56+00:00\",\"dateModified\":\"2026-03-31T10:32:18+00:00\",\"breadcrumb\":{\"@id\":\"https:\\\/\\\/bartkowka.przemyska.pl\\\/?p=494#breadcrumb\"},\"inLanguage\":\"pl-PL\",\"potentialAction\":[{\"@type\":\"ReadAction\",\"target\":[\"https:\\\/\\\/bartkowka.przemyska.pl\\\/?p=494\"]}]},{\"@type\":\"ImageObject\",\"inLanguage\":\"pl-PL\",\"@id\":\"https:\\\/\\\/bartkowka.przemyska.pl\\\/?p=494#primaryimage\",\"url\":\"https:\\\/\\\/bartkowka.przemyska.pl\\\/wp-content\\\/uploads\\\/2026\\\/03\\\/Rekolekcje.png\",\"contentUrl\":\"https:\\\/\\\/bartkowka.przemyska.pl\\\/wp-content\\\/uploads\\\/2026\\\/03\\\/Rekolekcje.png\",\"width\":1536,\"height\":1024},{\"@type\":\"BreadcrumbList\",\"@id\":\"https:\\\/\\\/bartkowka.przemyska.pl\\\/?p=494#breadcrumb\",\"itemListElement\":[{\"@type\":\"ListItem\",\"position\":1,\"name\":\"Strona g\u0142\u00f3wna\",\"item\":\"https:\\\/\\\/bartkowka.przemyska.pl\\\/\"},{\"@type\":\"ListItem\",\"position\":2,\"name\":\"Rekolekcje Wielkopostne 2026\"}]},{\"@type\":\"WebSite\",\"@id\":\"https:\\\/\\\/bartkowka.przemyska.pl\\\/#website\",\"url\":\"https:\\\/\\\/bartkowka.przemyska.pl\\\/\",\"name\":\"Parafia pw. \u015bw. Bart\u0142omieja w Dynowie\",\"description\":\"Strona internetowa Parafii pod wezwaniem \u015bwi\u0119tego Bart\u0142omieja w Dynowie - informacje, og\u0142oszenia duszpasterskie, intencje mszalne, aktualno\u015bci, galeria i kontakt.\",\"publisher\":{\"@id\":\"https:\\\/\\\/bartkowka.przemyska.pl\\\/#organization\"},\"alternateName\":\"Parafia Bartk\u00f3wka\",\"potentialAction\":[{\"@type\":\"SearchAction\",\"target\":{\"@type\":\"EntryPoint\",\"urlTemplate\":\"https:\\\/\\\/bartkowka.przemyska.pl\\\/?s={search_term_string}\"},\"query-input\":{\"@type\":\"PropertyValueSpecification\",\"valueRequired\":true,\"valueName\":\"search_term_string\"}}],\"inLanguage\":\"pl-PL\"},{\"@type\":\"Organization\",\"@id\":\"https:\\\/\\\/bartkowka.przemyska.pl\\\/#organization\",\"name\":\"Parafia pw. \u015bw. Bart\u0142omieja w Dynowie\",\"alternateName\":\"Parafia Bartk\u00f3wka\",\"url\":\"https:\\\/\\\/bartkowka.przemyska.pl\\\/\",\"logo\":{\"@type\":\"ImageObject\",\"inLanguage\":\"pl-PL\",\"@id\":\"https:\\\/\\\/bartkowka.przemyska.pl\\\/#\\\/schema\\\/logo\\\/image\\\/\",\"url\":\"https:\\\/\\\/bartkowka.przemyska.pl\\\/wp-content\\\/uploads\\\/2026\\\/02\\\/cropped-logo.png\",\"contentUrl\":\"https:\\\/\\\/bartkowka.przemyska.pl\\\/wp-content\\\/uploads\\\/2026\\\/02\\\/cropped-logo.png\",\"width\":512,\"height\":512,\"caption\":\"Parafia pw. \u015bw. Bart\u0142omieja w Dynowie\"},\"image\":{\"@id\":\"https:\\\/\\\/bartkowka.przemyska.pl\\\/#\\\/schema\\\/logo\\\/image\\\/\"},\"sameAs\":[\"https:\\\/\\\/www.facebook.com\\\/p\\\/Parafia-w-Bartomieja-w-Bartkwce-100071277346388\\\/\"]},{\"@type\":\"Person\",\"@id\":\"https:\\\/\\\/bartkowka.przemyska.pl\\\/#\\\/schema\\\/person\\\/b2317833dc8aadb5912f504e78308176\",\"name\":\"proboszcz\",\"image\":{\"@type\":\"ImageObject\",\"inLanguage\":\"pl-PL\",\"@id\":\"https:\\\/\\\/secure.gravatar.com\\\/avatar\\\/c5c49cd93328f243feb602415db197e9b4cc359d4a9f367672bbdc28d63c78f7?s=96&d=mm&r=g\",\"url\":\"https:\\\/\\\/secure.gravatar.com\\\/avatar\\\/c5c49cd93328f243feb602415db197e9b4cc359d4a9f367672bbdc28d63c78f7?s=96&d=mm&r=g\",\"contentUrl\":\"https:\\\/\\\/secure.gravatar.com\\\/avatar\\\/c5c49cd93328f243feb602415db197e9b4cc359d4a9f367672bbdc28d63c78f7?s=96&d=mm&r=g\",\"caption\":\"proboszcz\"},\"url\":\"https:\\\/\\\/bartkowka.przemyska.pl\\\/?author=2\"}]}<\/script>\n<!-- \/ Yoast SEO plugin. -->","yoast_head_json":{"title":"Rekolekcje Wielkopostne 2026 - Parafia pw. \u015bw. Bart\u0142omieja w Dynowie","robots":{"index":"index","follow":"follow","max-snippet":"max-snippet:-1","max-image-preview":"max-image-preview:large","max-video-preview":"max-video-preview:-1"},"canonical":"https:\/\/bartkowka.przemyska.pl\/?p=494","og_locale":"pl_PL","og_type":"article","og_title":"Rekolekcje Wielkopostne 2026 - Parafia pw. \u015bw. Bart\u0142omieja w Dynowie","og_description":"\u0141aci\u0144skie s\u0142owo\u00a0recollectio\u00a0oznacza: \u201epozbiera\u0107 na nowo, powr\u00f3ci\u0107 do wn\u0119trza, odzyska\u0107 skupienie\u201d. Zatem ju\u017c sam termin pokazuje nam, \u017ce rekolekcje w naszym [&hellip;]","og_url":"https:\/\/bartkowka.przemyska.pl\/?p=494","og_site_name":"Parafia pw. \u015bw. Bart\u0142omieja w Dynowie","article_publisher":"https:\/\/www.facebook.com\/p\/Parafia-w-Bartomieja-w-Bartkwce-100071277346388\/","article_published_time":"2026-03-19T15:08:56+00:00","article_modified_time":"2026-03-31T10:32:18+00:00","og_image":[{"width":1024,"height":683,"url":"https:\/\/bartkowka.przemyska.pl\/wp-content\/uploads\/2026\/03\/Rekolekcje-1024x683.png","type":"image\/png"}],"author":"proboszcz","twitter_card":"summary_large_image","twitter_misc":{"Napisane przez":"proboszcz","Szacowany czas czytania":"2 minuty"},"schema":{"@context":"https:\/\/schema.org","@graph":[{"@type":"Article","@id":"https:\/\/bartkowka.przemyska.pl\/?p=494#article","isPartOf":{"@id":"https:\/\/bartkowka.przemyska.pl\/?p=494"},"author":{"name":"proboszcz","@id":"https:\/\/bartkowka.przemyska.pl\/#\/schema\/person\/b2317833dc8aadb5912f504e78308176"},"headline":"Rekolekcje Wielkopostne 2026","datePublished":"2026-03-19T15:08:56+00:00","dateModified":"2026-03-31T10:32:18+00:00","mainEntityOfPage":{"@id":"https:\/\/bartkowka.przemyska.pl\/?p=494"},"wordCount":202,"commentCount":0,"publisher":{"@id":"https:\/\/bartkowka.przemyska.pl\/#organization"},"image":{"@id":"https:\/\/bartkowka.przemyska.pl\/?p=494#primaryimage"},"thumbnailUrl":"https:\/\/bartkowka.przemyska.pl\/wp-content\/uploads\/2026\/03\/Rekolekcje.png","articleSection":["Aktualno\u015bci"],"inLanguage":"pl-PL","potentialAction":[{"@type":"CommentAction","name":"Comment","target":["https:\/\/bartkowka.przemyska.pl\/?p=494#respond"]}]},{"@type":"WebPage","@id":"https:\/\/bartkowka.przemyska.pl\/?p=494","url":"https:\/\/bartkowka.przemyska.pl\/?p=494","name":"Rekolekcje Wielkopostne 2026 - Parafia pw. \u015bw. Bart\u0142omieja w Dynowie","isPartOf":{"@id":"https:\/\/bartkowka.przemyska.pl\/#website"},"primaryImageOfPage":{"@id":"https:\/\/bartkowka.przemyska.pl\/?p=494#primaryimage"},"image":{"@id":"https:\/\/bartkowka.przemyska.pl\/?p=494#primaryimage"},"thumbnailUrl":"https:\/\/bartkowka.przemyska.pl\/wp-content\/uploads\/2026\/03\/Rekolekcje.png","datePublished":"2026-03-19T15:08:56+00:00","dateModified":"2026-03-31T10:32:18+00:00","breadcrumb":{"@id":"https:\/\/bartkowka.przemyska.pl\/?p=494#breadcrumb"},"inLanguage":"pl-PL","potentialAction":[{"@type":"ReadAction","target":["https:\/\/bartkowka.przemyska.pl\/?p=494"]}]},{"@type":"ImageObject","inLanguage":"pl-PL","@id":"https:\/\/bartkowka.przemyska.pl\/?p=494#primaryimage","url":"https:\/\/bartkowka.przemyska.pl\/wp-content\/uploads\/2026\/03\/Rekolekcje.png","contentUrl":"https:\/\/bartkowka.przemyska.pl\/wp-content\/uploads\/2026\/03\/Rekolekcje.png","width":1536,"height":1024},{"@type":"BreadcrumbList","@id":"https:\/\/bartkowka.przemyska.pl\/?p=494#breadcrumb","itemListElement":[{"@type":"ListItem","position":1,"name":"Strona g\u0142\u00f3wna","item":"https:\/\/bartkowka.przemyska.pl\/"},{"@type":"ListItem","position":2,"name":"Rekolekcje Wielkopostne 2026"}]},{"@type":"WebSite","@id":"https:\/\/bartkowka.przemyska.pl\/#website","url":"https:\/\/bartkowka.przemyska.pl\/","name":"Parafia pw. \u015bw. Bart\u0142omieja w Dynowie","description":"Strona internetowa Parafii pod wezwaniem \u015bwi\u0119tego Bart\u0142omieja w Dynowie - informacje, og\u0142oszenia duszpasterskie, intencje mszalne, aktualno\u015bci, galeria i kontakt.","publisher":{"@id":"https:\/\/bartkowka.przemyska.pl\/#organization"},"alternateName":"Parafia Bartk\u00f3wka","potentialAction":[{"@type":"SearchAction","target":{"@type":"EntryPoint","urlTemplate":"https:\/\/bartkowka.przemyska.pl\/?s={search_term_string}"},"query-input":{"@type":"PropertyValueSpecification","valueRequired":true,"valueName":"search_term_string"}}],"inLanguage":"pl-PL"},{"@type":"Organization","@id":"https:\/\/bartkowka.przemyska.pl\/#organization","name":"Parafia pw. \u015bw. Bart\u0142omieja w Dynowie","alternateName":"Parafia Bartk\u00f3wka","url":"https:\/\/bartkowka.przemyska.pl\/","logo":{"@type":"ImageObject","inLanguage":"pl-PL","@id":"https:\/\/bartkowka.przemyska.pl\/#\/schema\/logo\/image\/","url":"https:\/\/bartkowka.przemyska.pl\/wp-content\/uploads\/2026\/02\/cropped-logo.png","contentUrl":"https:\/\/bartkowka.przemyska.pl\/wp-content\/uploads\/2026\/02\/cropped-logo.png","width":512,"height":512,"caption":"Parafia pw. \u015bw. Bart\u0142omieja w Dynowie"},"image":{"@id":"https:\/\/bartkowka.przemyska.pl\/#\/schema\/logo\/image\/"},"sameAs":["https:\/\/www.facebook.com\/p\/Parafia-w-Bartomieja-w-Bartkwce-100071277346388\/"]},{"@type":"Person","@id":"https:\/\/bartkowka.przemyska.pl\/#\/schema\/person\/b2317833dc8aadb5912f504e78308176","name":"proboszcz","image":{"@type":"ImageObject","inLanguage":"pl-PL","@id":"https:\/\/secure.gravatar.com\/avatar\/c5c49cd93328f243feb602415db197e9b4cc359d4a9f367672bbdc28d63c78f7?s=96&d=mm&r=g","url":"https:\/\/secure.gravatar.com\/avatar\/c5c49cd93328f243feb602415db197e9b4cc359d4a9f367672bbdc28d63c78f7?s=96&d=mm&r=g","contentUrl":"https:\/\/secure.gravatar.com\/avatar\/c5c49cd93328f243feb602415db197e9b4cc359d4a9f367672bbdc28d63c78f7?s=96&d=mm&r=g","caption":"proboszcz"},"url":"https:\/\/bartkowka.przemyska.pl\/?author=2"}]}},"_links":{"self":[{"href":"https:\/\/bartkowka.przemyska.pl\/index.php?rest_route=\/wp\/v2\/posts\/494","targetHints":{"allow":["GET"]}}],"collection":[{"href":"https:\/\/bartkowka.przemyska.pl\/index.php?rest_route=\/wp\/v2\/posts"}],"about":[{"href":"https:\/\/bartkowka.przemyska.pl\/index.php?rest_route=\/wp\/v2\/types\/post"}],"author":[{"embeddable":true,"href":"https:\/\/bartkowka.przemyska.pl\/index.php?rest_route=\/wp\/v2\/users\/2"}],"replies":[{"embeddable":true,"href":"https:\/\/bartkowka.przemyska.pl\/index.php?rest_route=%2Fwp%2Fv2%2Fcomments&post=494"}],"version-history":[{"count":2,"href":"https:\/\/bartkowka.przemyska.pl\/index.php?rest_route=\/wp\/v2\/posts\/494\/revisions"}],"predecessor-version":[{"id":564,"href":"https:\/\/bartkowka.przemyska.pl\/index.php?rest_route=\/wp\/v2\/posts\/494\/revisions\/564"}],"wp:featuredmedia":[{"embeddable":true,"href":"https:\/\/bartkowka.przemyska.pl\/index.php?rest_route=\/wp\/v2\/media\/563"}],"wp:attachment":[{"href":"https:\/\/bartkowka.przemyska.pl\/index.php?rest_route=%2Fwp%2Fv2%2Fmedia&parent=494"}],"wp:term":[{"taxonomy":"category","embeddable":true,"href":"https:\/\/bartkowka.przemyska.pl\/index.php?rest_route=%2Fwp%2Fv2%2Fcategories&post=494"},{"taxonomy":"post_tag","embeddable":true,"href":"https:\/\/bartkowka.przemyska.pl\/index.php?rest_route=%2Fwp%2Fv2%2Ftags&post=494"}],"curies":[{"name":"wp","href":"https:\/\/api.w.org\/{rel}","templated":true}]}}