{"id":535,"date":"2026-03-29T21:09:31","date_gmt":"2026-03-29T19:09:31","guid":{"rendered":"https:\/\/bartkowka.przemyska.pl\/?p=535"},"modified":"2026-03-31T12:21:14","modified_gmt":"2026-03-31T10:21:14","slug":"droga-krzyzowa-27-03-2026-r","status":"publish","type":"post","link":"https:\/\/bartkowka.przemyska.pl\/?p=535","title":{"rendered":"Droga krzy\u017cowa &#8211; 27.03.2026 r."},"content":{"rendered":"\t\t<div data-elementor-type=\"wp-post\" data-elementor-id=\"535\" class=\"elementor elementor-535\">\n\t\t\t\t<div class=\"elementor-element elementor-element-6f5080b3 e-flex e-con-boxed e-con e-parent\" data-id=\"6f5080b3\" data-element_type=\"container\" data-e-type=\"container\">\n\t\t\t\t\t<div class=\"e-con-inner\">\n\t\t\t\t<div class=\"elementor-element elementor-element-210f88c7 elementor-widget elementor-widget-text-editor\" data-id=\"210f88c7\" data-element_type=\"widget\" data-e-type=\"widget\" data-widget_type=\"text-editor.default\">\n\t\t\t\t\t\t\t\t\t\n<p>W pi\u0105tek 27 marca odby\u0142a si\u0119 parafialna Droga Krzy\u017cowa ulicami naszej miejscowo\u015bci. Wierni licznie zgromadzili si\u0119, aby wsp\u00f3lnie prze\u017cy\u0107 to wyj\u0105tkowe nabo\u017ce\u0144stwo, rozwa\u017caj\u0105c m\u0119k\u0119 i \u015bmier\u0107 Jezusa Chrystusa.<\/p>\n\n\n\n<p>Procesja, zatrzymuj\u0105ca si\u0119 przy kolejnych stacjach, by\u0142a czasem modlitwy, refleksji i \u015bwiadectwa wiary. Dzi\u0119kujemy wszystkim uczestnikom za obecno\u015b\u0107 oraz wsp\u00f3lne, pe\u0142ne skupienia prze\u017cycie tego wa\u017cnego wydarzenia w okresie Wielkiego Postu.<\/p>\n\n\n\n<p><\/p>\n\t\t\t\t\t\t\t\t<\/div>\n\t\t\t\t\t<\/div>\n\t\t\t\t<\/div>\n\t\t<div class=\"elementor-element elementor-element-466a1c2 e-flex e-con-boxed e-con e-parent\" data-id=\"466a1c2\" data-element_type=\"container\" data-e-type=\"container\">\n\t\t\t\t\t<div class=\"e-con-inner\">\n\t\t\t\t<div class=\"elementor-element elementor-element-be786bd elementor-widget elementor-widget-image-gallery\" data-id=\"be786bd\" data-element_type=\"widget\" data-e-type=\"widget\" data-widget_type=\"image-gallery.default\">\n\t\t\t\t\t\t\t<div class=\"elementor-image-gallery\">\n\t\t\t\n<a data-elementor-open-lightbox=\"yes\" data-elementor-lightbox-slideshow=\"be786bd\" data-elementor-lightbox-title=\"20260327_182414\" data-e-action-hash=\"#elementor-action%3Aaction%3Dlightbox%26settings%3DeyJpZCI6NTM4LCJ1cmwiOiJodHRwczpcL1wvYmFydGtvd2thLnByemVteXNrYS5wbFwvd3AtY29udGVudFwvdXBsb2Fkc1wvMjAyNlwvMDNcLzIwMjYwMzI3XzE4MjQxNC1zY2FsZWQuanBnIiwic2xpZGVzaG93IjoiYmU3ODZiZCJ9\" href='https:\/\/bartkowka.przemyska.pl\/wp-content\/uploads\/2026\/03\/20260327_182414-scaled.jpg'><img fetchpriority=\"high\" decoding=\"async\" width=\"768\" height=\"576\" src=\"https:\/\/bartkowka.przemyska.pl\/wp-content\/uploads\/2026\/03\/20260327_182414-768x576.jpg\" class=\"attachment-medium_large size-medium_large\" alt=\"\" srcset=\"https:\/\/bartkowka.przemyska.pl\/wp-content\/uploads\/2026\/03\/20260327_182414-768x576.jpg 768w, https:\/\/bartkowka.przemyska.pl\/wp-content\/uploads\/2026\/03\/20260327_182414-300x225.jpg 300w, https:\/\/bartkowka.przemyska.pl\/wp-content\/uploads\/2026\/03\/20260327_182414-1024x768.jpg 1024w, https:\/\/bartkowka.przemyska.pl\/wp-content\/uploads\/2026\/03\/20260327_182414-1536x1152.jpg 1536w, https:\/\/bartkowka.przemyska.pl\/wp-content\/uploads\/2026\/03\/20260327_182414-2048x1536.jpg 2048w\" sizes=\"(max-width: 768px) 100vw, 768px\" \/><\/a>\n<a data-elementor-open-lightbox=\"yes\" data-elementor-lightbox-slideshow=\"be786bd\" data-elementor-lightbox-title=\"20260327_182422\" data-e-action-hash=\"#elementor-action%3Aaction%3Dlightbox%26settings%3DeyJpZCI6NTM5LCJ1cmwiOiJodHRwczpcL1wvYmFydGtvd2thLnByemVteXNrYS5wbFwvd3AtY29udGVudFwvdXBsb2Fkc1wvMjAyNlwvMDNcLzIwMjYwMzI3XzE4MjQyMi1zY2FsZWQuanBnIiwic2xpZGVzaG93IjoiYmU3ODZiZCJ9\" href='https:\/\/bartkowka.przemyska.pl\/wp-content\/uploads\/2026\/03\/20260327_182422-scaled.jpg'><img decoding=\"async\" width=\"768\" height=\"576\" src=\"https:\/\/bartkowka.przemyska.pl\/wp-content\/uploads\/2026\/03\/20260327_182422-768x576.jpg\" class=\"attachment-medium_large size-medium_large\" alt=\"\" srcset=\"https:\/\/bartkowka.przemyska.pl\/wp-content\/uploads\/2026\/03\/20260327_182422-768x576.jpg 768w, https:\/\/bartkowka.przemyska.pl\/wp-content\/uploads\/2026\/03\/20260327_182422-300x225.jpg 300w, https:\/\/bartkowka.przemyska.pl\/wp-content\/uploads\/2026\/03\/20260327_182422-1024x768.jpg 1024w, https:\/\/bartkowka.przemyska.pl\/wp-content\/uploads\/2026\/03\/20260327_182422-1536x1152.jpg 1536w, https:\/\/bartkowka.przemyska.pl\/wp-content\/uploads\/2026\/03\/20260327_182422-2048x1536.jpg 2048w\" sizes=\"(max-width: 768px) 100vw, 768px\" \/><\/a>\n<a data-elementor-open-lightbox=\"yes\" data-elementor-lightbox-slideshow=\"be786bd\" data-elementor-lightbox-title=\"20260327_182458\" data-e-action-hash=\"#elementor-action%3Aaction%3Dlightbox%26settings%3DeyJpZCI6NTQwLCJ1cmwiOiJodHRwczpcL1wvYmFydGtvd2thLnByemVteXNrYS5wbFwvd3AtY29udGVudFwvdXBsb2Fkc1wvMjAyNlwvMDNcLzIwMjYwMzI3XzE4MjQ1OC1zY2FsZWQuanBnIiwic2xpZGVzaG93IjoiYmU3ODZiZCJ9\" href='https:\/\/bartkowka.przemyska.pl\/wp-content\/uploads\/2026\/03\/20260327_182458-scaled.jpg'><img decoding=\"async\" width=\"768\" height=\"576\" src=\"https:\/\/bartkowka.przemyska.pl\/wp-content\/uploads\/2026\/03\/20260327_182458-768x576.jpg\" class=\"attachment-medium_large size-medium_large\" alt=\"\" srcset=\"https:\/\/bartkowka.przemyska.pl\/wp-content\/uploads\/2026\/03\/20260327_182458-768x576.jpg 768w, https:\/\/bartkowka.przemyska.pl\/wp-content\/uploads\/2026\/03\/20260327_182458-300x225.jpg 300w, https:\/\/bartkowka.przemyska.pl\/wp-content\/uploads\/2026\/03\/20260327_182458-1024x768.jpg 1024w, https:\/\/bartkowka.przemyska.pl\/wp-content\/uploads\/2026\/03\/20260327_182458-1536x1152.jpg 1536w, https:\/\/bartkowka.przemyska.pl\/wp-content\/uploads\/2026\/03\/20260327_182458-2048x1536.jpg 2048w\" sizes=\"(max-width: 768px) 100vw, 768px\" \/><\/a>\n<a data-elementor-open-lightbox=\"yes\" data-elementor-lightbox-slideshow=\"be786bd\" data-elementor-lightbox-title=\"20260327_182523\" data-e-action-hash=\"#elementor-action%3Aaction%3Dlightbox%26settings%3DeyJpZCI6NTQxLCJ1cmwiOiJodHRwczpcL1wvYmFydGtvd2thLnByemVteXNrYS5wbFwvd3AtY29udGVudFwvdXBsb2Fkc1wvMjAyNlwvMDNcLzIwMjYwMzI3XzE4MjUyMy1zY2FsZWQuanBnIiwic2xpZGVzaG93IjoiYmU3ODZiZCJ9\" href='https:\/\/bartkowka.przemyska.pl\/wp-content\/uploads\/2026\/03\/20260327_182523-scaled.jpg'><img loading=\"lazy\" decoding=\"async\" width=\"768\" height=\"576\" src=\"https:\/\/bartkowka.przemyska.pl\/wp-content\/uploads\/2026\/03\/20260327_182523-768x576.jpg\" class=\"attachment-medium_large size-medium_large\" alt=\"\" srcset=\"https:\/\/bartkowka.przemyska.pl\/wp-content\/uploads\/2026\/03\/20260327_182523-768x576.jpg 768w, https:\/\/bartkowka.przemyska.pl\/wp-content\/uploads\/2026\/03\/20260327_182523-300x225.jpg 300w, https:\/\/bartkowka.przemyska.pl\/wp-content\/uploads\/2026\/03\/20260327_182523-1024x768.jpg 1024w, https:\/\/bartkowka.przemyska.pl\/wp-content\/uploads\/2026\/03\/20260327_182523-1536x1152.jpg 1536w, https:\/\/bartkowka.przemyska.pl\/wp-content\/uploads\/2026\/03\/20260327_182523-2048x1536.jpg 2048w\" sizes=\"(max-width: 768px) 100vw, 768px\" \/><\/a>\n<a data-elementor-open-lightbox=\"yes\" data-elementor-lightbox-slideshow=\"be786bd\" data-elementor-lightbox-title=\"20260327_182944\" data-e-action-hash=\"#elementor-action%3Aaction%3Dlightbox%26settings%3DeyJpZCI6NTQyLCJ1cmwiOiJodHRwczpcL1wvYmFydGtvd2thLnByemVteXNrYS5wbFwvd3AtY29udGVudFwvdXBsb2Fkc1wvMjAyNlwvMDNcLzIwMjYwMzI3XzE4Mjk0NC1zY2FsZWQuanBnIiwic2xpZGVzaG93IjoiYmU3ODZiZCJ9\" href='https:\/\/bartkowka.przemyska.pl\/wp-content\/uploads\/2026\/03\/20260327_182944-scaled.jpg'><img loading=\"lazy\" decoding=\"async\" width=\"768\" height=\"576\" src=\"https:\/\/bartkowka.przemyska.pl\/wp-content\/uploads\/2026\/03\/20260327_182944-768x576.jpg\" class=\"attachment-medium_large size-medium_large\" alt=\"\" srcset=\"https:\/\/bartkowka.przemyska.pl\/wp-content\/uploads\/2026\/03\/20260327_182944-768x576.jpg 768w, https:\/\/bartkowka.przemyska.pl\/wp-content\/uploads\/2026\/03\/20260327_182944-300x225.jpg 300w, https:\/\/bartkowka.przemyska.pl\/wp-content\/uploads\/2026\/03\/20260327_182944-1024x768.jpg 1024w, https:\/\/bartkowka.przemyska.pl\/wp-content\/uploads\/2026\/03\/20260327_182944-1536x1152.jpg 1536w, https:\/\/bartkowka.przemyska.pl\/wp-content\/uploads\/2026\/03\/20260327_182944-2048x1536.jpg 2048w\" sizes=\"(max-width: 768px) 100vw, 768px\" \/><\/a>\n<a data-elementor-open-lightbox=\"yes\" data-elementor-lightbox-slideshow=\"be786bd\" data-elementor-lightbox-title=\"20260327_182950\" data-e-action-hash=\"#elementor-action%3Aaction%3Dlightbox%26settings%3DeyJpZCI6NTQzLCJ1cmwiOiJodHRwczpcL1wvYmFydGtvd2thLnByemVteXNrYS5wbFwvd3AtY29udGVudFwvdXBsb2Fkc1wvMjAyNlwvMDNcLzIwMjYwMzI3XzE4Mjk1MC1zY2FsZWQuanBnIiwic2xpZGVzaG93IjoiYmU3ODZiZCJ9\" href='https:\/\/bartkowka.przemyska.pl\/wp-content\/uploads\/2026\/03\/20260327_182950-scaled.jpg'><img loading=\"lazy\" decoding=\"async\" width=\"768\" height=\"576\" src=\"https:\/\/bartkowka.przemyska.pl\/wp-content\/uploads\/2026\/03\/20260327_182950-768x576.jpg\" class=\"attachment-medium_large size-medium_large\" alt=\"\" srcset=\"https:\/\/bartkowka.przemyska.pl\/wp-content\/uploads\/2026\/03\/20260327_182950-768x576.jpg 768w, https:\/\/bartkowka.przemyska.pl\/wp-content\/uploads\/2026\/03\/20260327_182950-300x225.jpg 300w, https:\/\/bartkowka.przemyska.pl\/wp-content\/uploads\/2026\/03\/20260327_182950-1024x768.jpg 1024w, https:\/\/bartkowka.przemyska.pl\/wp-content\/uploads\/2026\/03\/20260327_182950-1536x1152.jpg 1536w, https:\/\/bartkowka.przemyska.pl\/wp-content\/uploads\/2026\/03\/20260327_182950-2048x1536.jpg 2048w\" sizes=\"(max-width: 768px) 100vw, 768px\" \/><\/a>\n\t\t<\/div>\n\t\t\t\t\t\t<\/div>\n\t\t\t\t\t<\/div>\n\t\t\t\t<\/div>\n\t\t\t\t<\/div>\n\t\t","protected":false},"excerpt":{"rendered":"<p>W pi\u0105tek 27 marca odby\u0142a si\u0119 parafialna Droga Krzy\u017cowa ulicami naszej miejscowo\u015bci. Wierni licznie zgromadzili si\u0119, aby wsp\u00f3lnie prze\u017cy\u0107 to [&hellip;]<\/p>\n","protected":false},"author":2,"featured_media":560,"comment_status":"open","ping_status":"open","sticky":false,"template":"","format":"standard","meta":{"site-sidebar-layout":"default","site-content-layout":"","ast-site-content-layout":"default","site-content-style":"default","site-sidebar-style":"default","ast-global-header-display":"","ast-banner-title-visibility":"","ast-main-header-display":"","ast-hfb-above-header-display":"","ast-hfb-below-header-display":"","ast-hfb-mobile-header-display":"","site-post-title":"","ast-breadcrumbs-content":"","ast-featured-img":"disabled","footer-sml-layout":"","ast-disable-related-posts":"","theme-transparent-header-meta":"","adv-header-id-meta":"","stick-header-meta":"","header-above-stick-meta":"","header-main-stick-meta":"","header-below-stick-meta":"","astra-migrate-meta-layouts":"default","ast-page-background-enabled":"default","ast-page-background-meta":{"desktop":{"background-color":"var(--ast-global-color-5)","background-image":"","background-repeat":"repeat","background-position":"center center","background-size":"auto","background-attachment":"scroll","background-type":"","background-media":"","overlay-type":"","overlay-color":"","overlay-opacity":"","overlay-gradient":""},"tablet":{"background-color":"","background-image":"","background-repeat":"repeat","background-position":"center center","background-size":"auto","background-attachment":"scroll","background-type":"","background-media":"","overlay-type":"","overlay-color":"","overlay-opacity":"","overlay-gradient":""},"mobile":{"background-color":"","background-image":"","background-repeat":"repeat","background-position":"center center","background-size":"auto","background-attachment":"scroll","background-type":"","background-media":"","overlay-type":"","overlay-color":"","overlay-opacity":"","overlay-gradient":""}},"ast-content-background-meta":{"desktop":{"background-color":"var(--ast-global-color-4)","background-image":"","background-repeat":"repeat","background-position":"center center","background-size":"auto","background-attachment":"scroll","background-type":"","background-media":"","overlay-type":"","overlay-color":"","overlay-opacity":"","overlay-gradient":""},"tablet":{"background-color":"var(--ast-global-color-4)","background-image":"","background-repeat":"repeat","background-position":"center center","background-size":"auto","background-attachment":"scroll","background-type":"","background-media":"","overlay-type":"","overlay-color":"","overlay-opacity":"","overlay-gradient":""},"mobile":{"background-color":"var(--ast-global-color-4)","background-image":"","background-repeat":"repeat","background-position":"center center","background-size":"auto","background-attachment":"scroll","background-type":"","background-media":"","overlay-type":"","overlay-color":"","overlay-opacity":"","overlay-gradient":""}},"footnotes":""},"categories":[7],"tags":[],"class_list":["post-535","post","type-post","status-publish","format-standard","has-post-thumbnail","hentry","category-aktualnosci"],"yoast_head":"<!-- This site is optimized with the Yoast SEO plugin v27.4 - https:\/\/yoast.com\/product\/yoast-seo-wordpress\/ -->\n<title>Droga krzy\u017cowa - 27.03.2026 r. - Parafia pw. \u015bw. Bart\u0142omieja w Dynowie<\/title>\n<meta name=\"robots\" content=\"index, follow, max-snippet:-1, max-image-preview:large, max-video-preview:-1\" \/>\n<link rel=\"canonical\" href=\"https:\/\/bartkowka.przemyska.pl\/?p=535\" \/>\n<meta property=\"og:locale\" content=\"pl_PL\" \/>\n<meta property=\"og:type\" content=\"article\" \/>\n<meta property=\"og:title\" content=\"Droga krzy\u017cowa - 27.03.2026 r. - Parafia pw. \u015bw. Bart\u0142omieja w Dynowie\" \/>\n<meta property=\"og:description\" content=\"W pi\u0105tek 27 marca odby\u0142a si\u0119 parafialna Droga Krzy\u017cowa ulicami naszej miejscowo\u015bci. Wierni licznie zgromadzili si\u0119, aby wsp\u00f3lnie prze\u017cy\u0107 to [&hellip;]\" \/>\n<meta property=\"og:url\" content=\"https:\/\/bartkowka.przemyska.pl\/?p=535\" \/>\n<meta property=\"og:site_name\" content=\"Parafia pw. \u015bw. Bart\u0142omieja w Dynowie\" \/>\n<meta property=\"article:publisher\" content=\"https:\/\/www.facebook.com\/p\/Parafia-w-Bartomieja-w-Bartkwce-100071277346388\/\" \/>\n<meta property=\"article:published_time\" content=\"2026-03-29T19:09:31+00:00\" \/>\n<meta property=\"article:modified_time\" content=\"2026-03-31T10:21:14+00:00\" \/>\n<meta property=\"og:image\" content=\"https:\/\/bartkowka.przemyska.pl\/wp-content\/uploads\/2026\/03\/DK_2.png\" \/>\n\t<meta property=\"og:image:width\" content=\"760\" \/>\n\t<meta property=\"og:image:height\" content=\"503\" \/>\n\t<meta property=\"og:image:type\" content=\"image\/png\" \/>\n<meta name=\"author\" content=\"proboszcz\" \/>\n<meta name=\"twitter:card\" content=\"summary_large_image\" \/>\n<meta name=\"twitter:label1\" content=\"Napisane przez\" \/>\n\t<meta name=\"twitter:data1\" content=\"proboszcz\" \/>\n\t<meta name=\"twitter:label2\" content=\"Szacowany czas czytania\" \/>\n\t<meta name=\"twitter:data2\" content=\"2 minuty\" \/>\n<script type=\"application\/ld+json\" class=\"yoast-schema-graph\">{\"@context\":\"https:\\\/\\\/schema.org\",\"@graph\":[{\"@type\":\"Article\",\"@id\":\"https:\\\/\\\/bartkowka.przemyska.pl\\\/?p=535#article\",\"isPartOf\":{\"@id\":\"https:\\\/\\\/bartkowka.przemyska.pl\\\/?p=535\"},\"author\":{\"name\":\"proboszcz\",\"@id\":\"https:\\\/\\\/bartkowka.przemyska.pl\\\/#\\\/schema\\\/person\\\/b2317833dc8aadb5912f504e78308176\"},\"headline\":\"Droga krzy\u017cowa &#8211; 27.03.2026 r.\",\"datePublished\":\"2026-03-29T19:09:31+00:00\",\"dateModified\":\"2026-03-31T10:21:14+00:00\",\"mainEntityOfPage\":{\"@id\":\"https:\\\/\\\/bartkowka.przemyska.pl\\\/?p=535\"},\"wordCount\":81,\"commentCount\":0,\"publisher\":{\"@id\":\"https:\\\/\\\/bartkowka.przemyska.pl\\\/#organization\"},\"image\":{\"@id\":\"https:\\\/\\\/bartkowka.przemyska.pl\\\/?p=535#primaryimage\"},\"thumbnailUrl\":\"https:\\\/\\\/bartkowka.przemyska.pl\\\/wp-content\\\/uploads\\\/2026\\\/03\\\/DK_2.png\",\"articleSection\":[\"Aktualno\u015bci\"],\"inLanguage\":\"pl-PL\",\"potentialAction\":[{\"@type\":\"CommentAction\",\"name\":\"Comment\",\"target\":[\"https:\\\/\\\/bartkowka.przemyska.pl\\\/?p=535#respond\"]}]},{\"@type\":\"WebPage\",\"@id\":\"https:\\\/\\\/bartkowka.przemyska.pl\\\/?p=535\",\"url\":\"https:\\\/\\\/bartkowka.przemyska.pl\\\/?p=535\",\"name\":\"Droga krzy\u017cowa - 27.03.2026 r. - Parafia pw. \u015bw. Bart\u0142omieja w Dynowie\",\"isPartOf\":{\"@id\":\"https:\\\/\\\/bartkowka.przemyska.pl\\\/#website\"},\"primaryImageOfPage\":{\"@id\":\"https:\\\/\\\/bartkowka.przemyska.pl\\\/?p=535#primaryimage\"},\"image\":{\"@id\":\"https:\\\/\\\/bartkowka.przemyska.pl\\\/?p=535#primaryimage\"},\"thumbnailUrl\":\"https:\\\/\\\/bartkowka.przemyska.pl\\\/wp-content\\\/uploads\\\/2026\\\/03\\\/DK_2.png\",\"datePublished\":\"2026-03-29T19:09:31+00:00\",\"dateModified\":\"2026-03-31T10:21:14+00:00\",\"breadcrumb\":{\"@id\":\"https:\\\/\\\/bartkowka.przemyska.pl\\\/?p=535#breadcrumb\"},\"inLanguage\":\"pl-PL\",\"potentialAction\":[{\"@type\":\"ReadAction\",\"target\":[\"https:\\\/\\\/bartkowka.przemyska.pl\\\/?p=535\"]}]},{\"@type\":\"ImageObject\",\"inLanguage\":\"pl-PL\",\"@id\":\"https:\\\/\\\/bartkowka.przemyska.pl\\\/?p=535#primaryimage\",\"url\":\"https:\\\/\\\/bartkowka.przemyska.pl\\\/wp-content\\\/uploads\\\/2026\\\/03\\\/DK_2.png\",\"contentUrl\":\"https:\\\/\\\/bartkowka.przemyska.pl\\\/wp-content\\\/uploads\\\/2026\\\/03\\\/DK_2.png\",\"width\":760,\"height\":503},{\"@type\":\"BreadcrumbList\",\"@id\":\"https:\\\/\\\/bartkowka.przemyska.pl\\\/?p=535#breadcrumb\",\"itemListElement\":[{\"@type\":\"ListItem\",\"position\":1,\"name\":\"Strona g\u0142\u00f3wna\",\"item\":\"https:\\\/\\\/bartkowka.przemyska.pl\\\/\"},{\"@type\":\"ListItem\",\"position\":2,\"name\":\"Droga krzy\u017cowa &#8211; 27.03.2026 r.\"}]},{\"@type\":\"WebSite\",\"@id\":\"https:\\\/\\\/bartkowka.przemyska.pl\\\/#website\",\"url\":\"https:\\\/\\\/bartkowka.przemyska.pl\\\/\",\"name\":\"Parafia pw. \u015bw. Bart\u0142omieja w Dynowie\",\"description\":\"Strona internetowa Parafii pod wezwaniem \u015bwi\u0119tego Bart\u0142omieja w Dynowie - informacje, og\u0142oszenia duszpasterskie, intencje mszalne, aktualno\u015bci, galeria i kontakt.\",\"publisher\":{\"@id\":\"https:\\\/\\\/bartkowka.przemyska.pl\\\/#organization\"},\"alternateName\":\"Parafia Bartk\u00f3wka\",\"potentialAction\":[{\"@type\":\"SearchAction\",\"target\":{\"@type\":\"EntryPoint\",\"urlTemplate\":\"https:\\\/\\\/bartkowka.przemyska.pl\\\/?s={search_term_string}\"},\"query-input\":{\"@type\":\"PropertyValueSpecification\",\"valueRequired\":true,\"valueName\":\"search_term_string\"}}],\"inLanguage\":\"pl-PL\"},{\"@type\":\"Organization\",\"@id\":\"https:\\\/\\\/bartkowka.przemyska.pl\\\/#organization\",\"name\":\"Parafia pw. \u015bw. Bart\u0142omieja w Dynowie\",\"alternateName\":\"Parafia Bartk\u00f3wka\",\"url\":\"https:\\\/\\\/bartkowka.przemyska.pl\\\/\",\"logo\":{\"@type\":\"ImageObject\",\"inLanguage\":\"pl-PL\",\"@id\":\"https:\\\/\\\/bartkowka.przemyska.pl\\\/#\\\/schema\\\/logo\\\/image\\\/\",\"url\":\"https:\\\/\\\/bartkowka.przemyska.pl\\\/wp-content\\\/uploads\\\/2026\\\/02\\\/cropped-logo.png\",\"contentUrl\":\"https:\\\/\\\/bartkowka.przemyska.pl\\\/wp-content\\\/uploads\\\/2026\\\/02\\\/cropped-logo.png\",\"width\":512,\"height\":512,\"caption\":\"Parafia pw. \u015bw. Bart\u0142omieja w Dynowie\"},\"image\":{\"@id\":\"https:\\\/\\\/bartkowka.przemyska.pl\\\/#\\\/schema\\\/logo\\\/image\\\/\"},\"sameAs\":[\"https:\\\/\\\/www.facebook.com\\\/p\\\/Parafia-w-Bartomieja-w-Bartkwce-100071277346388\\\/\"]},{\"@type\":\"Person\",\"@id\":\"https:\\\/\\\/bartkowka.przemyska.pl\\\/#\\\/schema\\\/person\\\/b2317833dc8aadb5912f504e78308176\",\"name\":\"proboszcz\",\"image\":{\"@type\":\"ImageObject\",\"inLanguage\":\"pl-PL\",\"@id\":\"https:\\\/\\\/secure.gravatar.com\\\/avatar\\\/c5c49cd93328f243feb602415db197e9b4cc359d4a9f367672bbdc28d63c78f7?s=96&d=mm&r=g\",\"url\":\"https:\\\/\\\/secure.gravatar.com\\\/avatar\\\/c5c49cd93328f243feb602415db197e9b4cc359d4a9f367672bbdc28d63c78f7?s=96&d=mm&r=g\",\"contentUrl\":\"https:\\\/\\\/secure.gravatar.com\\\/avatar\\\/c5c49cd93328f243feb602415db197e9b4cc359d4a9f367672bbdc28d63c78f7?s=96&d=mm&r=g\",\"caption\":\"proboszcz\"},\"url\":\"https:\\\/\\\/bartkowka.przemyska.pl\\\/?author=2\"}]}<\/script>\n<!-- \/ Yoast SEO plugin. -->","yoast_head_json":{"title":"Droga krzy\u017cowa - 27.03.2026 r. - Parafia pw. \u015bw. Bart\u0142omieja w Dynowie","robots":{"index":"index","follow":"follow","max-snippet":"max-snippet:-1","max-image-preview":"max-image-preview:large","max-video-preview":"max-video-preview:-1"},"canonical":"https:\/\/bartkowka.przemyska.pl\/?p=535","og_locale":"pl_PL","og_type":"article","og_title":"Droga krzy\u017cowa - 27.03.2026 r. - Parafia pw. \u015bw. Bart\u0142omieja w Dynowie","og_description":"W pi\u0105tek 27 marca odby\u0142a si\u0119 parafialna Droga Krzy\u017cowa ulicami naszej miejscowo\u015bci. Wierni licznie zgromadzili si\u0119, aby wsp\u00f3lnie prze\u017cy\u0107 to [&hellip;]","og_url":"https:\/\/bartkowka.przemyska.pl\/?p=535","og_site_name":"Parafia pw. \u015bw. Bart\u0142omieja w Dynowie","article_publisher":"https:\/\/www.facebook.com\/p\/Parafia-w-Bartomieja-w-Bartkwce-100071277346388\/","article_published_time":"2026-03-29T19:09:31+00:00","article_modified_time":"2026-03-31T10:21:14+00:00","og_image":[{"width":760,"height":503,"url":"https:\/\/bartkowka.przemyska.pl\/wp-content\/uploads\/2026\/03\/DK_2.png","type":"image\/png"}],"author":"proboszcz","twitter_card":"summary_large_image","twitter_misc":{"Napisane przez":"proboszcz","Szacowany czas czytania":"2 minuty"},"schema":{"@context":"https:\/\/schema.org","@graph":[{"@type":"Article","@id":"https:\/\/bartkowka.przemyska.pl\/?p=535#article","isPartOf":{"@id":"https:\/\/bartkowka.przemyska.pl\/?p=535"},"author":{"name":"proboszcz","@id":"https:\/\/bartkowka.przemyska.pl\/#\/schema\/person\/b2317833dc8aadb5912f504e78308176"},"headline":"Droga krzy\u017cowa &#8211; 27.03.2026 r.","datePublished":"2026-03-29T19:09:31+00:00","dateModified":"2026-03-31T10:21:14+00:00","mainEntityOfPage":{"@id":"https:\/\/bartkowka.przemyska.pl\/?p=535"},"wordCount":81,"commentCount":0,"publisher":{"@id":"https:\/\/bartkowka.przemyska.pl\/#organization"},"image":{"@id":"https:\/\/bartkowka.przemyska.pl\/?p=535#primaryimage"},"thumbnailUrl":"https:\/\/bartkowka.przemyska.pl\/wp-content\/uploads\/2026\/03\/DK_2.png","articleSection":["Aktualno\u015bci"],"inLanguage":"pl-PL","potentialAction":[{"@type":"CommentAction","name":"Comment","target":["https:\/\/bartkowka.przemyska.pl\/?p=535#respond"]}]},{"@type":"WebPage","@id":"https:\/\/bartkowka.przemyska.pl\/?p=535","url":"https:\/\/bartkowka.przemyska.pl\/?p=535","name":"Droga krzy\u017cowa - 27.03.2026 r. - Parafia pw. \u015bw. Bart\u0142omieja w Dynowie","isPartOf":{"@id":"https:\/\/bartkowka.przemyska.pl\/#website"},"primaryImageOfPage":{"@id":"https:\/\/bartkowka.przemyska.pl\/?p=535#primaryimage"},"image":{"@id":"https:\/\/bartkowka.przemyska.pl\/?p=535#primaryimage"},"thumbnailUrl":"https:\/\/bartkowka.przemyska.pl\/wp-content\/uploads\/2026\/03\/DK_2.png","datePublished":"2026-03-29T19:09:31+00:00","dateModified":"2026-03-31T10:21:14+00:00","breadcrumb":{"@id":"https:\/\/bartkowka.przemyska.pl\/?p=535#breadcrumb"},"inLanguage":"pl-PL","potentialAction":[{"@type":"ReadAction","target":["https:\/\/bartkowka.przemyska.pl\/?p=535"]}]},{"@type":"ImageObject","inLanguage":"pl-PL","@id":"https:\/\/bartkowka.przemyska.pl\/?p=535#primaryimage","url":"https:\/\/bartkowka.przemyska.pl\/wp-content\/uploads\/2026\/03\/DK_2.png","contentUrl":"https:\/\/bartkowka.przemyska.pl\/wp-content\/uploads\/2026\/03\/DK_2.png","width":760,"height":503},{"@type":"BreadcrumbList","@id":"https:\/\/bartkowka.przemyska.pl\/?p=535#breadcrumb","itemListElement":[{"@type":"ListItem","position":1,"name":"Strona g\u0142\u00f3wna","item":"https:\/\/bartkowka.przemyska.pl\/"},{"@type":"ListItem","position":2,"name":"Droga krzy\u017cowa &#8211; 27.03.2026 r."}]},{"@type":"WebSite","@id":"https:\/\/bartkowka.przemyska.pl\/#website","url":"https:\/\/bartkowka.przemyska.pl\/","name":"Parafia pw. \u015bw. Bart\u0142omieja w Dynowie","description":"Strona internetowa Parafii pod wezwaniem \u015bwi\u0119tego Bart\u0142omieja w Dynowie - informacje, og\u0142oszenia duszpasterskie, intencje mszalne, aktualno\u015bci, galeria i kontakt.","publisher":{"@id":"https:\/\/bartkowka.przemyska.pl\/#organization"},"alternateName":"Parafia Bartk\u00f3wka","potentialAction":[{"@type":"SearchAction","target":{"@type":"EntryPoint","urlTemplate":"https:\/\/bartkowka.przemyska.pl\/?s={search_term_string}"},"query-input":{"@type":"PropertyValueSpecification","valueRequired":true,"valueName":"search_term_string"}}],"inLanguage":"pl-PL"},{"@type":"Organization","@id":"https:\/\/bartkowka.przemyska.pl\/#organization","name":"Parafia pw. \u015bw. Bart\u0142omieja w Dynowie","alternateName":"Parafia Bartk\u00f3wka","url":"https:\/\/bartkowka.przemyska.pl\/","logo":{"@type":"ImageObject","inLanguage":"pl-PL","@id":"https:\/\/bartkowka.przemyska.pl\/#\/schema\/logo\/image\/","url":"https:\/\/bartkowka.przemyska.pl\/wp-content\/uploads\/2026\/02\/cropped-logo.png","contentUrl":"https:\/\/bartkowka.przemyska.pl\/wp-content\/uploads\/2026\/02\/cropped-logo.png","width":512,"height":512,"caption":"Parafia pw. \u015bw. Bart\u0142omieja w Dynowie"},"image":{"@id":"https:\/\/bartkowka.przemyska.pl\/#\/schema\/logo\/image\/"},"sameAs":["https:\/\/www.facebook.com\/p\/Parafia-w-Bartomieja-w-Bartkwce-100071277346388\/"]},{"@type":"Person","@id":"https:\/\/bartkowka.przemyska.pl\/#\/schema\/person\/b2317833dc8aadb5912f504e78308176","name":"proboszcz","image":{"@type":"ImageObject","inLanguage":"pl-PL","@id":"https:\/\/secure.gravatar.com\/avatar\/c5c49cd93328f243feb602415db197e9b4cc359d4a9f367672bbdc28d63c78f7?s=96&d=mm&r=g","url":"https:\/\/secure.gravatar.com\/avatar\/c5c49cd93328f243feb602415db197e9b4cc359d4a9f367672bbdc28d63c78f7?s=96&d=mm&r=g","contentUrl":"https:\/\/secure.gravatar.com\/avatar\/c5c49cd93328f243feb602415db197e9b4cc359d4a9f367672bbdc28d63c78f7?s=96&d=mm&r=g","caption":"proboszcz"},"url":"https:\/\/bartkowka.przemyska.pl\/?author=2"}]}},"_links":{"self":[{"href":"https:\/\/bartkowka.przemyska.pl\/index.php?rest_route=\/wp\/v2\/posts\/535","targetHints":{"allow":["GET"]}}],"collection":[{"href":"https:\/\/bartkowka.przemyska.pl\/index.php?rest_route=\/wp\/v2\/posts"}],"about":[{"href":"https:\/\/bartkowka.przemyska.pl\/index.php?rest_route=\/wp\/v2\/types\/post"}],"author":[{"embeddable":true,"href":"https:\/\/bartkowka.przemyska.pl\/index.php?rest_route=\/wp\/v2\/users\/2"}],"replies":[{"embeddable":true,"href":"https:\/\/bartkowka.przemyska.pl\/index.php?rest_route=%2Fwp%2Fv2%2Fcomments&post=535"}],"version-history":[{"count":5,"href":"https:\/\/bartkowka.przemyska.pl\/index.php?rest_route=\/wp\/v2\/posts\/535\/revisions"}],"predecessor-version":[{"id":561,"href":"https:\/\/bartkowka.przemyska.pl\/index.php?rest_route=\/wp\/v2\/posts\/535\/revisions\/561"}],"wp:featuredmedia":[{"embeddable":true,"href":"https:\/\/bartkowka.przemyska.pl\/index.php?rest_route=\/wp\/v2\/media\/560"}],"wp:attachment":[{"href":"https:\/\/bartkowka.przemyska.pl\/index.php?rest_route=%2Fwp%2Fv2%2Fmedia&parent=535"}],"wp:term":[{"taxonomy":"category","embeddable":true,"href":"https:\/\/bartkowka.przemyska.pl\/index.php?rest_route=%2Fwp%2Fv2%2Fcategories&post=535"},{"taxonomy":"post_tag","embeddable":true,"href":"https:\/\/bartkowka.przemyska.pl\/index.php?rest_route=%2Fwp%2Fv2%2Ftags&post=535"}],"curies":[{"name":"wp","href":"https:\/\/api.w.org\/{rel}","templated":true}]}}