{"id":551,"date":"2026-03-31T08:29:42","date_gmt":"2026-03-31T06:29:42","guid":{"rendered":"https:\/\/bartkowka.przemyska.pl\/?p=551"},"modified":"2026-03-31T12:10:33","modified_gmt":"2026-03-31T10:10:33","slug":"triduum-paschalne-2026","status":"publish","type":"post","link":"https:\/\/bartkowka.przemyska.pl\/?p=551","title":{"rendered":"Triduum Paschalne 2026"},"content":{"rendered":"\n<p>Triduum Paschalne to najwa\u017cniejszy okres w roku liturgicznym, w kt\u00f3rym Ko\u015bci\u00f3\u0142 celebruje m\u0119k\u0119, \u015bmier\u0107 i zmartwychwstanie Jezusa Chrystusa. Rozpoczyna si\u0119 wieczorem w Wielki Czwartek, a ko\u0144czy uroczystymi nieszporami Niedzieli Zmartwychwstania. To czas szczeg\u00f3lnej modlitwy, refleksji i uczestnictwa w najwa\u017cniejszych misteriach wiary.<\/p>\n\n\n\n<p><strong>Wielki Czwartek \u2013 Msza Wieczerzy Pa\u0144skiej<\/strong><br>Upami\u0119tnia ustanowienie Eucharystii i kap\u0142a\u0144stwa. Podczas liturgii odbywa si\u0119 obrz\u0119d obmycia n\u00f3g, nawi\u0105zuj\u0105cy do gestu Jezusa wobec aposto\u0142\u00f3w.<br>\ud83d\udd55 Godzina nabo\u017ce\u0144stwa: <strong>18:00<\/strong><br>\ud83d\udd55 Adoracja Jezusa w Ciemnicy do <strong>22:00<\/strong><br>\ud83d\udd55 O <strong>21:00<\/strong> adoracja animowana przez Ch\u00f3r parafialny<\/p>\n\n\n\n<figure class=\"wp-block-image alignwide size-full\"><img fetchpriority=\"high\" decoding=\"async\" width=\"1536\" height=\"1024\" src=\"https:\/\/bartkowka.przemyska.pl\/wp-content\/uploads\/2026\/03\/WielkiPiatek2.png\" alt=\"\" class=\"wp-image-556\" srcset=\"https:\/\/bartkowka.przemyska.pl\/wp-content\/uploads\/2026\/03\/WielkiPiatek2.png 1536w, https:\/\/bartkowka.przemyska.pl\/wp-content\/uploads\/2026\/03\/WielkiPiatek2-300x200.png 300w, https:\/\/bartkowka.przemyska.pl\/wp-content\/uploads\/2026\/03\/WielkiPiatek2-1024x683.png 1024w, https:\/\/bartkowka.przemyska.pl\/wp-content\/uploads\/2026\/03\/WielkiPiatek2-768x512.png 768w\" sizes=\"(max-width: 1536px) 100vw, 1536px\" \/><\/figure>\n\n\n\n<p><strong>Wielki Pi\u0105tek \u2013 Liturgia M\u0119ki Pa\u0144skiej<\/strong><br>Dzie\u0144 skupienia i postu, w kt\u00f3rym wierni rozwa\u017caj\u0105 m\u0119k\u0119 i \u015bmier\u0107 Chrystusa. Nie sprawuje si\u0119 Mszy \u015awi\u0119tej \u2013 centralnym punktem jest adoracja Krzy\u017ca oraz Komunia \u015awi\u0119ta.<br>\ud83d\udd55 Wznowienie adoracji w Ciemnicy: <strong>8:00<\/strong><br>\ud83d\udd52 Droga Krzy\u017cowa: <strong>16:30<\/strong><br>\ud83d\udd55 Liturgia M\u0119ki Pa\u0144skiej: <strong>17:00<\/strong><br>\ud83d\udd55 Adoracja Jezusa w Bo\u017cym Grobie do <strong>22:00<\/strong><\/p>\n\n\n\n<p><strong>Wielka Sobota \u2013 Wigilia Paschalna<\/strong><br>To najbardziej uroczysta liturgia w roku, rozpoczynaj\u0105ca si\u0119 po zmroku. Obejmuje liturgi\u0119 \u015bwiat\u0142a, s\u0142owa, chrzcieln\u0105 i eucharystyczn\u0105. Symbolizuje przej\u015bcie ze \u015bmierci do \u017cycia.<br>\ud83d\udd58 Wznowienie adoracji: <strong>8:00<\/strong><br>\ud83d\udd58 \u015awi\u0119cenie pokarm\u00f3w: <strong>9:00, 10:00, 11:00<\/strong><br>\ud83d\udd58 Wigilia Paschalna: <strong>20:00<\/strong> <\/p>\n\n\n\n<figure class=\"wp-block-image alignwide size-full\"><img decoding=\"async\" width=\"1024\" height=\"485\" src=\"https:\/\/bartkowka.przemyska.pl\/wp-content\/uploads\/2026\/03\/Wielkanoc.png\" alt=\"\" class=\"wp-image-553\" srcset=\"https:\/\/bartkowka.przemyska.pl\/wp-content\/uploads\/2026\/03\/Wielkanoc.png 1024w, https:\/\/bartkowka.przemyska.pl\/wp-content\/uploads\/2026\/03\/Wielkanoc-300x142.png 300w, https:\/\/bartkowka.przemyska.pl\/wp-content\/uploads\/2026\/03\/Wielkanoc-768x364.png 768w\" sizes=\"(max-width: 1024px) 100vw, 1024px\" \/><\/figure>\n\n\n\n<p><strong>Niedziela Zmartwychwstania \u2013 Rezurekcja<\/strong><br>Radosne \u015bwi\u0119towanie zwyci\u0119stwa Chrystusa nad \u015bmierci\u0105. Procesja rezurekcyjna og\u0142asza \u015bwiatu, \u017ce Chrystus zmartwychwsta\u0142.<br>\ud83d\udd55 Msza Rezurekcyjna: <strong>6:00<\/strong><br>\ud83d\udd58 Kolejna Msza \u015awi\u0119ta: <strong>10:30<\/strong><\/p>\n\n\n\n<p>Triduum Paschalne zaprasza ka\u017cdego wiernego do g\u0142\u0119bokiego prze\u017cycia tajemnicy zbawienia i odnowienia swojej relacji z Bogiem poprzez udzia\u0142 w liturgii i osobist\u0105 modlitw\u0119.<\/p>\n","protected":false},"excerpt":{"rendered":"<p>Triduum Paschalne to najwa\u017cniejszy okres w roku liturgicznym, w kt\u00f3rym Ko\u015bci\u00f3\u0142 celebruje m\u0119k\u0119, \u015bmier\u0107 i zmartwychwstanie Jezusa Chrystusa. Rozpoczyna si\u0119 [&hellip;]<\/p>\n","protected":false},"author":2,"featured_media":553,"comment_status":"open","ping_status":"open","sticky":false,"template":"","format":"standard","meta":{"site-sidebar-layout":"default","site-content-layout":"","ast-site-content-layout":"default","site-content-style":"default","site-sidebar-style":"default","ast-global-header-display":"","ast-banner-title-visibility":"","ast-main-header-display":"","ast-hfb-above-header-display":"","ast-hfb-below-header-display":"","ast-hfb-mobile-header-display":"","site-post-title":"","ast-breadcrumbs-content":"","ast-featured-img":"disabled","footer-sml-layout":"","ast-disable-related-posts":"","theme-transparent-header-meta":"","adv-header-id-meta":"","stick-header-meta":"","header-above-stick-meta":"","header-main-stick-meta":"","header-below-stick-meta":"","astra-migrate-meta-layouts":"default","ast-page-background-enabled":"default","ast-page-background-meta":{"desktop":{"background-color":"var(--ast-global-color-5)","background-image":"","background-repeat":"repeat","background-position":"center center","background-size":"auto","background-attachment":"scroll","background-type":"","background-media":"","overlay-type":"","overlay-color":"","overlay-opacity":"","overlay-gradient":""},"tablet":{"background-color":"","background-image":"","background-repeat":"repeat","background-position":"center center","background-size":"auto","background-attachment":"scroll","background-type":"","background-media":"","overlay-type":"","overlay-color":"","overlay-opacity":"","overlay-gradient":""},"mobile":{"background-color":"","background-image":"","background-repeat":"repeat","background-position":"center center","background-size":"auto","background-attachment":"scroll","background-type":"","background-media":"","overlay-type":"","overlay-color":"","overlay-opacity":"","overlay-gradient":""}},"ast-content-background-meta":{"desktop":{"background-color":"var(--ast-global-color-4)","background-image":"","background-repeat":"repeat","background-position":"center center","background-size":"auto","background-attachment":"scroll","background-type":"","background-media":"","overlay-type":"","overlay-color":"","overlay-opacity":"","overlay-gradient":""},"tablet":{"background-color":"var(--ast-global-color-4)","background-image":"","background-repeat":"repeat","background-position":"center center","background-size":"auto","background-attachment":"scroll","background-type":"","background-media":"","overlay-type":"","overlay-color":"","overlay-opacity":"","overlay-gradient":""},"mobile":{"background-color":"var(--ast-global-color-4)","background-image":"","background-repeat":"repeat","background-position":"center center","background-size":"auto","background-attachment":"scroll","background-type":"","background-media":"","overlay-type":"","overlay-color":"","overlay-opacity":"","overlay-gradient":""}},"footnotes":""},"categories":[7],"tags":[],"class_list":["post-551","post","type-post","status-publish","format-standard","has-post-thumbnail","hentry","category-aktualnosci"],"yoast_head":"<!-- This site is optimized with the Yoast SEO plugin v27.4 - https:\/\/yoast.com\/product\/yoast-seo-wordpress\/ -->\n<title>Triduum Paschalne 2026 - Parafia pw. \u015bw. Bart\u0142omieja w Dynowie<\/title>\n<meta name=\"robots\" content=\"index, follow, max-snippet:-1, max-image-preview:large, max-video-preview:-1\" \/>\n<link rel=\"canonical\" href=\"https:\/\/bartkowka.przemyska.pl\/?p=551\" \/>\n<meta property=\"og:locale\" content=\"pl_PL\" \/>\n<meta property=\"og:type\" content=\"article\" \/>\n<meta property=\"og:title\" content=\"Triduum Paschalne 2026 - Parafia pw. \u015bw. Bart\u0142omieja w Dynowie\" \/>\n<meta property=\"og:description\" content=\"Triduum Paschalne to najwa\u017cniejszy okres w roku liturgicznym, w kt\u00f3rym Ko\u015bci\u00f3\u0142 celebruje m\u0119k\u0119, \u015bmier\u0107 i zmartwychwstanie Jezusa Chrystusa. Rozpoczyna si\u0119 [&hellip;]\" \/>\n<meta property=\"og:url\" content=\"https:\/\/bartkowka.przemyska.pl\/?p=551\" \/>\n<meta property=\"og:site_name\" content=\"Parafia pw. \u015bw. Bart\u0142omieja w Dynowie\" \/>\n<meta property=\"article:publisher\" content=\"https:\/\/www.facebook.com\/p\/Parafia-w-Bartomieja-w-Bartkwce-100071277346388\/\" \/>\n<meta property=\"article:published_time\" content=\"2026-03-31T06:29:42+00:00\" \/>\n<meta property=\"article:modified_time\" content=\"2026-03-31T10:10:33+00:00\" \/>\n<meta property=\"og:image\" content=\"https:\/\/bartkowka.przemyska.pl\/wp-content\/uploads\/2026\/03\/Wielkanoc.png\" \/>\n\t<meta property=\"og:image:width\" content=\"1024\" \/>\n\t<meta property=\"og:image:height\" content=\"485\" \/>\n\t<meta property=\"og:image:type\" content=\"image\/png\" \/>\n<meta name=\"author\" content=\"proboszcz\" \/>\n<meta name=\"twitter:card\" content=\"summary_large_image\" \/>\n<meta name=\"twitter:label1\" content=\"Napisane przez\" \/>\n\t<meta name=\"twitter:data1\" content=\"proboszcz\" \/>\n\t<meta name=\"twitter:label2\" content=\"Szacowany czas czytania\" \/>\n\t<meta name=\"twitter:data2\" content=\"2 minuty\" \/>\n<script type=\"application\/ld+json\" class=\"yoast-schema-graph\">{\"@context\":\"https:\\\/\\\/schema.org\",\"@graph\":[{\"@type\":\"Article\",\"@id\":\"https:\\\/\\\/bartkowka.przemyska.pl\\\/?p=551#article\",\"isPartOf\":{\"@id\":\"https:\\\/\\\/bartkowka.przemyska.pl\\\/?p=551\"},\"author\":{\"name\":\"proboszcz\",\"@id\":\"https:\\\/\\\/bartkowka.przemyska.pl\\\/#\\\/schema\\\/person\\\/b2317833dc8aadb5912f504e78308176\"},\"headline\":\"Triduum Paschalne 2026\",\"datePublished\":\"2026-03-31T06:29:42+00:00\",\"dateModified\":\"2026-03-31T10:10:33+00:00\",\"mainEntityOfPage\":{\"@id\":\"https:\\\/\\\/bartkowka.przemyska.pl\\\/?p=551\"},\"wordCount\":246,\"commentCount\":0,\"publisher\":{\"@id\":\"https:\\\/\\\/bartkowka.przemyska.pl\\\/#organization\"},\"image\":{\"@id\":\"https:\\\/\\\/bartkowka.przemyska.pl\\\/?p=551#primaryimage\"},\"thumbnailUrl\":\"https:\\\/\\\/bartkowka.przemyska.pl\\\/wp-content\\\/uploads\\\/2026\\\/03\\\/Wielkanoc.png\",\"articleSection\":[\"Aktualno\u015bci\"],\"inLanguage\":\"pl-PL\",\"potentialAction\":[{\"@type\":\"CommentAction\",\"name\":\"Comment\",\"target\":[\"https:\\\/\\\/bartkowka.przemyska.pl\\\/?p=551#respond\"]}]},{\"@type\":\"WebPage\",\"@id\":\"https:\\\/\\\/bartkowka.przemyska.pl\\\/?p=551\",\"url\":\"https:\\\/\\\/bartkowka.przemyska.pl\\\/?p=551\",\"name\":\"Triduum Paschalne 2026 - Parafia pw. \u015bw. Bart\u0142omieja w Dynowie\",\"isPartOf\":{\"@id\":\"https:\\\/\\\/bartkowka.przemyska.pl\\\/#website\"},\"primaryImageOfPage\":{\"@id\":\"https:\\\/\\\/bartkowka.przemyska.pl\\\/?p=551#primaryimage\"},\"image\":{\"@id\":\"https:\\\/\\\/bartkowka.przemyska.pl\\\/?p=551#primaryimage\"},\"thumbnailUrl\":\"https:\\\/\\\/bartkowka.przemyska.pl\\\/wp-content\\\/uploads\\\/2026\\\/03\\\/Wielkanoc.png\",\"datePublished\":\"2026-03-31T06:29:42+00:00\",\"dateModified\":\"2026-03-31T10:10:33+00:00\",\"breadcrumb\":{\"@id\":\"https:\\\/\\\/bartkowka.przemyska.pl\\\/?p=551#breadcrumb\"},\"inLanguage\":\"pl-PL\",\"potentialAction\":[{\"@type\":\"ReadAction\",\"target\":[\"https:\\\/\\\/bartkowka.przemyska.pl\\\/?p=551\"]}]},{\"@type\":\"ImageObject\",\"inLanguage\":\"pl-PL\",\"@id\":\"https:\\\/\\\/bartkowka.przemyska.pl\\\/?p=551#primaryimage\",\"url\":\"https:\\\/\\\/bartkowka.przemyska.pl\\\/wp-content\\\/uploads\\\/2026\\\/03\\\/Wielkanoc.png\",\"contentUrl\":\"https:\\\/\\\/bartkowka.przemyska.pl\\\/wp-content\\\/uploads\\\/2026\\\/03\\\/Wielkanoc.png\",\"width\":1024,\"height\":485},{\"@type\":\"BreadcrumbList\",\"@id\":\"https:\\\/\\\/bartkowka.przemyska.pl\\\/?p=551#breadcrumb\",\"itemListElement\":[{\"@type\":\"ListItem\",\"position\":1,\"name\":\"Strona g\u0142\u00f3wna\",\"item\":\"https:\\\/\\\/bartkowka.przemyska.pl\\\/\"},{\"@type\":\"ListItem\",\"position\":2,\"name\":\"Triduum Paschalne 2026\"}]},{\"@type\":\"WebSite\",\"@id\":\"https:\\\/\\\/bartkowka.przemyska.pl\\\/#website\",\"url\":\"https:\\\/\\\/bartkowka.przemyska.pl\\\/\",\"name\":\"Parafia pw. \u015bw. Bart\u0142omieja w Dynowie\",\"description\":\"Strona internetowa Parafii pod wezwaniem \u015bwi\u0119tego Bart\u0142omieja w Dynowie - informacje, og\u0142oszenia duszpasterskie, intencje mszalne, aktualno\u015bci, galeria i kontakt.\",\"publisher\":{\"@id\":\"https:\\\/\\\/bartkowka.przemyska.pl\\\/#organization\"},\"alternateName\":\"Parafia Bartk\u00f3wka\",\"potentialAction\":[{\"@type\":\"SearchAction\",\"target\":{\"@type\":\"EntryPoint\",\"urlTemplate\":\"https:\\\/\\\/bartkowka.przemyska.pl\\\/?s={search_term_string}\"},\"query-input\":{\"@type\":\"PropertyValueSpecification\",\"valueRequired\":true,\"valueName\":\"search_term_string\"}}],\"inLanguage\":\"pl-PL\"},{\"@type\":\"Organization\",\"@id\":\"https:\\\/\\\/bartkowka.przemyska.pl\\\/#organization\",\"name\":\"Parafia pw. \u015bw. Bart\u0142omieja w Dynowie\",\"alternateName\":\"Parafia Bartk\u00f3wka\",\"url\":\"https:\\\/\\\/bartkowka.przemyska.pl\\\/\",\"logo\":{\"@type\":\"ImageObject\",\"inLanguage\":\"pl-PL\",\"@id\":\"https:\\\/\\\/bartkowka.przemyska.pl\\\/#\\\/schema\\\/logo\\\/image\\\/\",\"url\":\"https:\\\/\\\/bartkowka.przemyska.pl\\\/wp-content\\\/uploads\\\/2026\\\/02\\\/cropped-logo.png\",\"contentUrl\":\"https:\\\/\\\/bartkowka.przemyska.pl\\\/wp-content\\\/uploads\\\/2026\\\/02\\\/cropped-logo.png\",\"width\":512,\"height\":512,\"caption\":\"Parafia pw. \u015bw. Bart\u0142omieja w Dynowie\"},\"image\":{\"@id\":\"https:\\\/\\\/bartkowka.przemyska.pl\\\/#\\\/schema\\\/logo\\\/image\\\/\"},\"sameAs\":[\"https:\\\/\\\/www.facebook.com\\\/p\\\/Parafia-w-Bartomieja-w-Bartkwce-100071277346388\\\/\"]},{\"@type\":\"Person\",\"@id\":\"https:\\\/\\\/bartkowka.przemyska.pl\\\/#\\\/schema\\\/person\\\/b2317833dc8aadb5912f504e78308176\",\"name\":\"proboszcz\",\"image\":{\"@type\":\"ImageObject\",\"inLanguage\":\"pl-PL\",\"@id\":\"https:\\\/\\\/secure.gravatar.com\\\/avatar\\\/c5c49cd93328f243feb602415db197e9b4cc359d4a9f367672bbdc28d63c78f7?s=96&d=mm&r=g\",\"url\":\"https:\\\/\\\/secure.gravatar.com\\\/avatar\\\/c5c49cd93328f243feb602415db197e9b4cc359d4a9f367672bbdc28d63c78f7?s=96&d=mm&r=g\",\"contentUrl\":\"https:\\\/\\\/secure.gravatar.com\\\/avatar\\\/c5c49cd93328f243feb602415db197e9b4cc359d4a9f367672bbdc28d63c78f7?s=96&d=mm&r=g\",\"caption\":\"proboszcz\"},\"url\":\"https:\\\/\\\/bartkowka.przemyska.pl\\\/?author=2\"}]}<\/script>\n<!-- \/ Yoast SEO plugin. -->","yoast_head_json":{"title":"Triduum Paschalne 2026 - Parafia pw. \u015bw. Bart\u0142omieja w Dynowie","robots":{"index":"index","follow":"follow","max-snippet":"max-snippet:-1","max-image-preview":"max-image-preview:large","max-video-preview":"max-video-preview:-1"},"canonical":"https:\/\/bartkowka.przemyska.pl\/?p=551","og_locale":"pl_PL","og_type":"article","og_title":"Triduum Paschalne 2026 - Parafia pw. \u015bw. Bart\u0142omieja w Dynowie","og_description":"Triduum Paschalne to najwa\u017cniejszy okres w roku liturgicznym, w kt\u00f3rym Ko\u015bci\u00f3\u0142 celebruje m\u0119k\u0119, \u015bmier\u0107 i zmartwychwstanie Jezusa Chrystusa. Rozpoczyna si\u0119 [&hellip;]","og_url":"https:\/\/bartkowka.przemyska.pl\/?p=551","og_site_name":"Parafia pw. \u015bw. Bart\u0142omieja w Dynowie","article_publisher":"https:\/\/www.facebook.com\/p\/Parafia-w-Bartomieja-w-Bartkwce-100071277346388\/","article_published_time":"2026-03-31T06:29:42+00:00","article_modified_time":"2026-03-31T10:10:33+00:00","og_image":[{"width":1024,"height":485,"url":"https:\/\/bartkowka.przemyska.pl\/wp-content\/uploads\/2026\/03\/Wielkanoc.png","type":"image\/png"}],"author":"proboszcz","twitter_card":"summary_large_image","twitter_misc":{"Napisane przez":"proboszcz","Szacowany czas czytania":"2 minuty"},"schema":{"@context":"https:\/\/schema.org","@graph":[{"@type":"Article","@id":"https:\/\/bartkowka.przemyska.pl\/?p=551#article","isPartOf":{"@id":"https:\/\/bartkowka.przemyska.pl\/?p=551"},"author":{"name":"proboszcz","@id":"https:\/\/bartkowka.przemyska.pl\/#\/schema\/person\/b2317833dc8aadb5912f504e78308176"},"headline":"Triduum Paschalne 2026","datePublished":"2026-03-31T06:29:42+00:00","dateModified":"2026-03-31T10:10:33+00:00","mainEntityOfPage":{"@id":"https:\/\/bartkowka.przemyska.pl\/?p=551"},"wordCount":246,"commentCount":0,"publisher":{"@id":"https:\/\/bartkowka.przemyska.pl\/#organization"},"image":{"@id":"https:\/\/bartkowka.przemyska.pl\/?p=551#primaryimage"},"thumbnailUrl":"https:\/\/bartkowka.przemyska.pl\/wp-content\/uploads\/2026\/03\/Wielkanoc.png","articleSection":["Aktualno\u015bci"],"inLanguage":"pl-PL","potentialAction":[{"@type":"CommentAction","name":"Comment","target":["https:\/\/bartkowka.przemyska.pl\/?p=551#respond"]}]},{"@type":"WebPage","@id":"https:\/\/bartkowka.przemyska.pl\/?p=551","url":"https:\/\/bartkowka.przemyska.pl\/?p=551","name":"Triduum Paschalne 2026 - Parafia pw. \u015bw. Bart\u0142omieja w Dynowie","isPartOf":{"@id":"https:\/\/bartkowka.przemyska.pl\/#website"},"primaryImageOfPage":{"@id":"https:\/\/bartkowka.przemyska.pl\/?p=551#primaryimage"},"image":{"@id":"https:\/\/bartkowka.przemyska.pl\/?p=551#primaryimage"},"thumbnailUrl":"https:\/\/bartkowka.przemyska.pl\/wp-content\/uploads\/2026\/03\/Wielkanoc.png","datePublished":"2026-03-31T06:29:42+00:00","dateModified":"2026-03-31T10:10:33+00:00","breadcrumb":{"@id":"https:\/\/bartkowka.przemyska.pl\/?p=551#breadcrumb"},"inLanguage":"pl-PL","potentialAction":[{"@type":"ReadAction","target":["https:\/\/bartkowka.przemyska.pl\/?p=551"]}]},{"@type":"ImageObject","inLanguage":"pl-PL","@id":"https:\/\/bartkowka.przemyska.pl\/?p=551#primaryimage","url":"https:\/\/bartkowka.przemyska.pl\/wp-content\/uploads\/2026\/03\/Wielkanoc.png","contentUrl":"https:\/\/bartkowka.przemyska.pl\/wp-content\/uploads\/2026\/03\/Wielkanoc.png","width":1024,"height":485},{"@type":"BreadcrumbList","@id":"https:\/\/bartkowka.przemyska.pl\/?p=551#breadcrumb","itemListElement":[{"@type":"ListItem","position":1,"name":"Strona g\u0142\u00f3wna","item":"https:\/\/bartkowka.przemyska.pl\/"},{"@type":"ListItem","position":2,"name":"Triduum Paschalne 2026"}]},{"@type":"WebSite","@id":"https:\/\/bartkowka.przemyska.pl\/#website","url":"https:\/\/bartkowka.przemyska.pl\/","name":"Parafia pw. \u015bw. Bart\u0142omieja w Dynowie","description":"Strona internetowa Parafii pod wezwaniem \u015bwi\u0119tego Bart\u0142omieja w Dynowie - informacje, og\u0142oszenia duszpasterskie, intencje mszalne, aktualno\u015bci, galeria i kontakt.","publisher":{"@id":"https:\/\/bartkowka.przemyska.pl\/#organization"},"alternateName":"Parafia Bartk\u00f3wka","potentialAction":[{"@type":"SearchAction","target":{"@type":"EntryPoint","urlTemplate":"https:\/\/bartkowka.przemyska.pl\/?s={search_term_string}"},"query-input":{"@type":"PropertyValueSpecification","valueRequired":true,"valueName":"search_term_string"}}],"inLanguage":"pl-PL"},{"@type":"Organization","@id":"https:\/\/bartkowka.przemyska.pl\/#organization","name":"Parafia pw. \u015bw. Bart\u0142omieja w Dynowie","alternateName":"Parafia Bartk\u00f3wka","url":"https:\/\/bartkowka.przemyska.pl\/","logo":{"@type":"ImageObject","inLanguage":"pl-PL","@id":"https:\/\/bartkowka.przemyska.pl\/#\/schema\/logo\/image\/","url":"https:\/\/bartkowka.przemyska.pl\/wp-content\/uploads\/2026\/02\/cropped-logo.png","contentUrl":"https:\/\/bartkowka.przemyska.pl\/wp-content\/uploads\/2026\/02\/cropped-logo.png","width":512,"height":512,"caption":"Parafia pw. \u015bw. Bart\u0142omieja w Dynowie"},"image":{"@id":"https:\/\/bartkowka.przemyska.pl\/#\/schema\/logo\/image\/"},"sameAs":["https:\/\/www.facebook.com\/p\/Parafia-w-Bartomieja-w-Bartkwce-100071277346388\/"]},{"@type":"Person","@id":"https:\/\/bartkowka.przemyska.pl\/#\/schema\/person\/b2317833dc8aadb5912f504e78308176","name":"proboszcz","image":{"@type":"ImageObject","inLanguage":"pl-PL","@id":"https:\/\/secure.gravatar.com\/avatar\/c5c49cd93328f243feb602415db197e9b4cc359d4a9f367672bbdc28d63c78f7?s=96&d=mm&r=g","url":"https:\/\/secure.gravatar.com\/avatar\/c5c49cd93328f243feb602415db197e9b4cc359d4a9f367672bbdc28d63c78f7?s=96&d=mm&r=g","contentUrl":"https:\/\/secure.gravatar.com\/avatar\/c5c49cd93328f243feb602415db197e9b4cc359d4a9f367672bbdc28d63c78f7?s=96&d=mm&r=g","caption":"proboszcz"},"url":"https:\/\/bartkowka.przemyska.pl\/?author=2"}]}},"_links":{"self":[{"href":"https:\/\/bartkowka.przemyska.pl\/index.php?rest_route=\/wp\/v2\/posts\/551","targetHints":{"allow":["GET"]}}],"collection":[{"href":"https:\/\/bartkowka.przemyska.pl\/index.php?rest_route=\/wp\/v2\/posts"}],"about":[{"href":"https:\/\/bartkowka.przemyska.pl\/index.php?rest_route=\/wp\/v2\/types\/post"}],"author":[{"embeddable":true,"href":"https:\/\/bartkowka.przemyska.pl\/index.php?rest_route=\/wp\/v2\/users\/2"}],"replies":[{"embeddable":true,"href":"https:\/\/bartkowka.przemyska.pl\/index.php?rest_route=%2Fwp%2Fv2%2Fcomments&post=551"}],"version-history":[{"count":4,"href":"https:\/\/bartkowka.przemyska.pl\/index.php?rest_route=\/wp\/v2\/posts\/551\/revisions"}],"predecessor-version":[{"id":558,"href":"https:\/\/bartkowka.przemyska.pl\/index.php?rest_route=\/wp\/v2\/posts\/551\/revisions\/558"}],"wp:featuredmedia":[{"embeddable":true,"href":"https:\/\/bartkowka.przemyska.pl\/index.php?rest_route=\/wp\/v2\/media\/553"}],"wp:attachment":[{"href":"https:\/\/bartkowka.przemyska.pl\/index.php?rest_route=%2Fwp%2Fv2%2Fmedia&parent=551"}],"wp:term":[{"taxonomy":"category","embeddable":true,"href":"https:\/\/bartkowka.przemyska.pl\/index.php?rest_route=%2Fwp%2Fv2%2Fcategories&post=551"},{"taxonomy":"post_tag","embeddable":true,"href":"https:\/\/bartkowka.przemyska.pl\/index.php?rest_route=%2Fwp%2Fv2%2Ftags&post=551"}],"curies":[{"name":"wp","href":"https:\/\/api.w.org\/{rel}","templated":true}]}}