{"id":594,"date":"2026-04-04T23:03:59","date_gmt":"2026-04-04T21:03:59","guid":{"rendered":"https:\/\/bartkowka.przemyska.pl\/?p=594"},"modified":"2026-04-04T23:04:00","modified_gmt":"2026-04-04T21:04:00","slug":"zmartwychwstanie-panskie-05-04-2026-r","status":"publish","type":"post","link":"https:\/\/bartkowka.przemyska.pl\/?p=594","title":{"rendered":"Zmartwychwstanie Pa\u0144skie &#8211; 05.04.2026 r."},"content":{"rendered":"\n<ol class=\"wp-block-list\">\n<li>Jutro drugi dzie\u0144 \u015awi\u0105t Wielkanocnych. Msze \u015bwi\u0119te o 8:00 oraz 10:30. W\u00a0tygodniu Msze \u015bwi\u0119te o godzinie 18:00.<\/li>\n\n\n\n<li>W pi\u0105tek nie obowi\u0105zuje wstrzemi\u0119\u017aliwo\u015b\u0107 od pokarm\u00f3w mi\u0119snych.<\/li>\n\n\n\n<li>W przysz\u0142\u0105 niedziel\u0119 przezywa\u0107 b\u0119dziemy Niedziel\u0119 Mi\u0142osierdzia Bo\u017cego. Przyb\u0119d\u0105 do nas czciciele Mi\u0142osierdzia Bo\u017cego z Dynowa. O godzinie 15:00 odm\u00f3wimy Koronk\u0119 do Bo\u017cego Mi\u0142osierdzia, a p\u00f3\u017aniej trzecia Msza \u015bwi\u0119ta.<\/li>\n\n\n\n<li>Sk\u0142adka w dniu dzisiejszym na WSD w Przemy\u015blu, za tydzie\u0144 zbi\u00f3rka do puszek na Caritas. Mo\u017cna b\u0119dzie tak\u017ce przynie\u015b\u0107 skarbonki z ja\u0142mu\u017cn\u0105 wielkopostn\u0105.<\/li>\n\n\n\n<li>Dzi\u0119kuj\u0119 wszystkim zaanga\u017cowanym w przygotowanie i przebieg Triduum Paschalnego. Dzi\u0119kuj\u0119 paniom za przygotowanie i ustrojenie Bo\u017cego Grobu oraz ciemnicy; ministrantom i lektorom za pomoc i s\u0142u\u017cb\u0119 przy o\u0142tarzu, ch\u00f3rowi za przeprowadzenie adoracji w Wielki Czwartek oraz towarzyszenie poprzez \u015bpiew w liturgicznych celebracjach, panu organi\u015bcie, stra\u017cakom za stra\u017c przy Bo\u017cym grobie i asyst\u0119 podczas procesji. Dzi\u0119kuj\u0119 grupie sprz\u0105taj\u0105cej za ustrojenie o\u0142tarza i posprz\u0105tanie nie tylko \u015bwi\u0105tyni, ale te\u017c i obej\u015bcia wok\u00f3\u0142 ko\u015bcio\u0142a. W\u00a0najbli\u017cszym tygodniu do sprz\u0105tania prosz\u0119 rodziny: Bujdasz Les\u0142aw, K\u0142osowski Andrzej, Siry Pawe\u0142, Lemczyk Andrzej, Tymowicz Arkadiusz.<\/li>\n\n\n\n<li>Prosz\u0119, aby modlitw\u0119 r\u00f3\u017ca\u0144cow\u0105 jutro przed porann\u0105 Msz\u0105 \u015bwi\u0119t\u0105 poprowadzili bracia z\u00a0R\u00f3\u017cy MB Cz\u0119stochowskiej, przed sum\u0105 \u2013 siostry z\u00a0R\u00f3\u017cy Matki Bo\u017cej Salety\u0144skiej, a za tydzie\u0144 odpowiednio bracia z R\u00f3\u017cy MB Salety\u0144skiej oraz siostry z R\u00f3\u017cy MB Fatimskiej. Za tydzie\u0144 po Mszach \u015bwi\u0119tych porannych zmiana tajemnic r\u00f3\u017ca\u0144cowych.<\/li>\n\n\n\n<li>Zapowiedzi przed\u015blubne: Klaudia Zofia Marsza\u0142ek, panna zam. Rzesz\u00f3w ma zamiar zawrze\u0107 zwi\u0105zek ma\u0142\u017ce\u0144ski z Micha\u0142em Hyjek, kawaler, zam. Rzesz\u00f3w. Zapowied\u017a II.<\/li>\n\n\n\n<li>Z okazji \u015bwi\u0105t Wielkiej nocy \u017cycz\u0119 wszystkim parafianom i go\u015bciom wielu \u0142ask od Chrystusa Zmartwychwsta\u0142ego, prawdziwej rado\u015bci ze Zmartwychwstania Pana oraz pi\u0119knych spotka\u0144 rodzinnych przy wielkanocnym stole. Niech Chrystus obdarza was swoj\u0105 mi\u0142o\u015bci\u0105 i\u00a0pokojem.<\/li>\n<\/ol>\n","protected":false},"excerpt":{"rendered":"","protected":false},"author":2,"featured_media":0,"comment_status":"open","ping_status":"open","sticky":false,"template":"","format":"standard","meta":{"site-sidebar-layout":"default","site-content-layout":"","ast-site-content-layout":"default","site-content-style":"default","site-sidebar-style":"default","ast-global-header-display":"","ast-banner-title-visibility":"","ast-main-header-display":"","ast-hfb-above-header-display":"","ast-hfb-below-header-display":"","ast-hfb-mobile-header-display":"","site-post-title":"","ast-breadcrumbs-content":"","ast-featured-img":"","footer-sml-layout":"","ast-disable-related-posts":"","theme-transparent-header-meta":"","adv-header-id-meta":"","stick-header-meta":"","header-above-stick-meta":"","header-main-stick-meta":"","header-below-stick-meta":"","astra-migrate-meta-layouts":"default","ast-page-background-enabled":"default","ast-page-background-meta":{"desktop":{"background-color":"var(--ast-global-color-5)","background-image":"","background-repeat":"repeat","background-position":"center center","background-size":"auto","background-attachment":"scroll","background-type":"","background-media":"","overlay-type":"","overlay-color":"","overlay-opacity":"","overlay-gradient":""},"tablet":{"background-color":"","background-image":"","background-repeat":"repeat","background-position":"center center","background-size":"auto","background-attachment":"scroll","background-type":"","background-media":"","overlay-type":"","overlay-color":"","overlay-opacity":"","overlay-gradient":""},"mobile":{"background-color":"","background-image":"","background-repeat":"repeat","background-position":"center center","background-size":"auto","background-attachment":"scroll","background-type":"","background-media":"","overlay-type":"","overlay-color":"","overlay-opacity":"","overlay-gradient":""}},"ast-content-background-meta":{"desktop":{"background-color":"var(--ast-global-color-4)","background-image":"","background-repeat":"repeat","background-position":"center center","background-size":"auto","background-attachment":"scroll","background-type":"","background-media":"","overlay-type":"","overlay-color":"","overlay-opacity":"","overlay-gradient":""},"tablet":{"background-color":"var(--ast-global-color-4)","background-image":"","background-repeat":"repeat","background-position":"center center","background-size":"auto","background-attachment":"scroll","background-type":"","background-media":"","overlay-type":"","overlay-color":"","overlay-opacity":"","overlay-gradient":""},"mobile":{"background-color":"var(--ast-global-color-4)","background-image":"","background-repeat":"repeat","background-position":"center center","background-size":"auto","background-attachment":"scroll","background-type":"","background-media":"","overlay-type":"","overlay-color":"","overlay-opacity":"","overlay-gradient":""}},"footnotes":""},"categories":[6],"tags":[],"class_list":["post-594","post","type-post","status-publish","format-standard","hentry","category-ogloszenia"],"yoast_head":"<!-- This site is optimized with the Yoast SEO plugin v27.4 - https:\/\/yoast.com\/product\/yoast-seo-wordpress\/ -->\n<title>Zmartwychwstanie Pa\u0144skie - 05.04.2026 r. - Parafia pw. \u015bw. Bart\u0142omieja w Dynowie<\/title>\n<meta name=\"robots\" content=\"index, follow, max-snippet:-1, max-image-preview:large, max-video-preview:-1\" \/>\n<link rel=\"canonical\" href=\"https:\/\/bartkowka.przemyska.pl\/?p=594\" \/>\n<meta property=\"og:locale\" content=\"pl_PL\" \/>\n<meta property=\"og:type\" content=\"article\" \/>\n<meta property=\"og:title\" content=\"Zmartwychwstanie Pa\u0144skie - 05.04.2026 r. - Parafia pw. \u015bw. Bart\u0142omieja w Dynowie\" \/>\n<meta property=\"og:url\" content=\"https:\/\/bartkowka.przemyska.pl\/?p=594\" \/>\n<meta property=\"og:site_name\" content=\"Parafia pw. \u015bw. Bart\u0142omieja w Dynowie\" \/>\n<meta property=\"article:publisher\" content=\"https:\/\/www.facebook.com\/p\/Parafia-w-Bartomieja-w-Bartkwce-100071277346388\/\" \/>\n<meta property=\"article:published_time\" content=\"2026-04-04T21:03:59+00:00\" \/>\n<meta property=\"article:modified_time\" content=\"2026-04-04T21:04:00+00:00\" \/>\n<meta property=\"og:image\" content=\"https:\/\/bartkowka.przemyska.pl\/wp-content\/uploads\/2026\/02\/kosciol.webp\" \/>\n\t<meta property=\"og:image:width\" content=\"2560\" \/>\n\t<meta property=\"og:image:height\" content=\"1920\" \/>\n\t<meta property=\"og:image:type\" content=\"image\/webp\" \/>\n<meta name=\"author\" content=\"proboszcz\" \/>\n<meta name=\"twitter:card\" content=\"summary_large_image\" \/>\n<meta name=\"twitter:label1\" content=\"Napisane przez\" \/>\n\t<meta name=\"twitter:data1\" content=\"proboszcz\" \/>\n\t<meta name=\"twitter:label2\" content=\"Szacowany czas czytania\" \/>\n\t<meta name=\"twitter:data2\" content=\"2 minuty\" \/>\n<script type=\"application\/ld+json\" class=\"yoast-schema-graph\">{\"@context\":\"https:\\\/\\\/schema.org\",\"@graph\":[{\"@type\":\"Article\",\"@id\":\"https:\\\/\\\/bartkowka.przemyska.pl\\\/?p=594#article\",\"isPartOf\":{\"@id\":\"https:\\\/\\\/bartkowka.przemyska.pl\\\/?p=594\"},\"author\":{\"name\":\"proboszcz\",\"@id\":\"https:\\\/\\\/bartkowka.przemyska.pl\\\/#\\\/schema\\\/person\\\/b2317833dc8aadb5912f504e78308176\"},\"headline\":\"Zmartwychwstanie Pa\u0144skie &#8211; 05.04.2026 r.\",\"datePublished\":\"2026-04-04T21:03:59+00:00\",\"dateModified\":\"2026-04-04T21:04:00+00:00\",\"mainEntityOfPage\":{\"@id\":\"https:\\\/\\\/bartkowka.przemyska.pl\\\/?p=594\"},\"wordCount\":350,\"commentCount\":0,\"publisher\":{\"@id\":\"https:\\\/\\\/bartkowka.przemyska.pl\\\/#organization\"},\"articleSection\":[\"Og\u0142oszenia\"],\"inLanguage\":\"pl-PL\",\"potentialAction\":[{\"@type\":\"CommentAction\",\"name\":\"Comment\",\"target\":[\"https:\\\/\\\/bartkowka.przemyska.pl\\\/?p=594#respond\"]}]},{\"@type\":\"WebPage\",\"@id\":\"https:\\\/\\\/bartkowka.przemyska.pl\\\/?p=594\",\"url\":\"https:\\\/\\\/bartkowka.przemyska.pl\\\/?p=594\",\"name\":\"Zmartwychwstanie Pa\u0144skie - 05.04.2026 r. - Parafia pw. \u015bw. Bart\u0142omieja w Dynowie\",\"isPartOf\":{\"@id\":\"https:\\\/\\\/bartkowka.przemyska.pl\\\/#website\"},\"datePublished\":\"2026-04-04T21:03:59+00:00\",\"dateModified\":\"2026-04-04T21:04:00+00:00\",\"breadcrumb\":{\"@id\":\"https:\\\/\\\/bartkowka.przemyska.pl\\\/?p=594#breadcrumb\"},\"inLanguage\":\"pl-PL\",\"potentialAction\":[{\"@type\":\"ReadAction\",\"target\":[\"https:\\\/\\\/bartkowka.przemyska.pl\\\/?p=594\"]}]},{\"@type\":\"BreadcrumbList\",\"@id\":\"https:\\\/\\\/bartkowka.przemyska.pl\\\/?p=594#breadcrumb\",\"itemListElement\":[{\"@type\":\"ListItem\",\"position\":1,\"name\":\"Strona g\u0142\u00f3wna\",\"item\":\"https:\\\/\\\/bartkowka.przemyska.pl\\\/\"},{\"@type\":\"ListItem\",\"position\":2,\"name\":\"Zmartwychwstanie Pa\u0144skie &#8211; 05.04.2026 r.\"}]},{\"@type\":\"WebSite\",\"@id\":\"https:\\\/\\\/bartkowka.przemyska.pl\\\/#website\",\"url\":\"https:\\\/\\\/bartkowka.przemyska.pl\\\/\",\"name\":\"Parafia pw. \u015bw. Bart\u0142omieja w Dynowie\",\"description\":\"Strona internetowa Parafii pod wezwaniem \u015bwi\u0119tego Bart\u0142omieja w Dynowie - informacje, og\u0142oszenia duszpasterskie, intencje mszalne, aktualno\u015bci, galeria i kontakt.\",\"publisher\":{\"@id\":\"https:\\\/\\\/bartkowka.przemyska.pl\\\/#organization\"},\"alternateName\":\"Parafia Bartk\u00f3wka\",\"potentialAction\":[{\"@type\":\"SearchAction\",\"target\":{\"@type\":\"EntryPoint\",\"urlTemplate\":\"https:\\\/\\\/bartkowka.przemyska.pl\\\/?s={search_term_string}\"},\"query-input\":{\"@type\":\"PropertyValueSpecification\",\"valueRequired\":true,\"valueName\":\"search_term_string\"}}],\"inLanguage\":\"pl-PL\"},{\"@type\":\"Organization\",\"@id\":\"https:\\\/\\\/bartkowka.przemyska.pl\\\/#organization\",\"name\":\"Parafia pw. \u015bw. Bart\u0142omieja w Dynowie\",\"alternateName\":\"Parafia Bartk\u00f3wka\",\"url\":\"https:\\\/\\\/bartkowka.przemyska.pl\\\/\",\"logo\":{\"@type\":\"ImageObject\",\"inLanguage\":\"pl-PL\",\"@id\":\"https:\\\/\\\/bartkowka.przemyska.pl\\\/#\\\/schema\\\/logo\\\/image\\\/\",\"url\":\"https:\\\/\\\/bartkowka.przemyska.pl\\\/wp-content\\\/uploads\\\/2026\\\/02\\\/cropped-logo.png\",\"contentUrl\":\"https:\\\/\\\/bartkowka.przemyska.pl\\\/wp-content\\\/uploads\\\/2026\\\/02\\\/cropped-logo.png\",\"width\":512,\"height\":512,\"caption\":\"Parafia pw. \u015bw. Bart\u0142omieja w Dynowie\"},\"image\":{\"@id\":\"https:\\\/\\\/bartkowka.przemyska.pl\\\/#\\\/schema\\\/logo\\\/image\\\/\"},\"sameAs\":[\"https:\\\/\\\/www.facebook.com\\\/p\\\/Parafia-w-Bartomieja-w-Bartkwce-100071277346388\\\/\"]},{\"@type\":\"Person\",\"@id\":\"https:\\\/\\\/bartkowka.przemyska.pl\\\/#\\\/schema\\\/person\\\/b2317833dc8aadb5912f504e78308176\",\"name\":\"proboszcz\",\"image\":{\"@type\":\"ImageObject\",\"inLanguage\":\"pl-PL\",\"@id\":\"https:\\\/\\\/secure.gravatar.com\\\/avatar\\\/c5c49cd93328f243feb602415db197e9b4cc359d4a9f367672bbdc28d63c78f7?s=96&d=mm&r=g\",\"url\":\"https:\\\/\\\/secure.gravatar.com\\\/avatar\\\/c5c49cd93328f243feb602415db197e9b4cc359d4a9f367672bbdc28d63c78f7?s=96&d=mm&r=g\",\"contentUrl\":\"https:\\\/\\\/secure.gravatar.com\\\/avatar\\\/c5c49cd93328f243feb602415db197e9b4cc359d4a9f367672bbdc28d63c78f7?s=96&d=mm&r=g\",\"caption\":\"proboszcz\"},\"url\":\"https:\\\/\\\/bartkowka.przemyska.pl\\\/?author=2\"}]}<\/script>\n<!-- \/ Yoast SEO plugin. -->","yoast_head_json":{"title":"Zmartwychwstanie Pa\u0144skie - 05.04.2026 r. - Parafia pw. \u015bw. Bart\u0142omieja w Dynowie","robots":{"index":"index","follow":"follow","max-snippet":"max-snippet:-1","max-image-preview":"max-image-preview:large","max-video-preview":"max-video-preview:-1"},"canonical":"https:\/\/bartkowka.przemyska.pl\/?p=594","og_locale":"pl_PL","og_type":"article","og_title":"Zmartwychwstanie Pa\u0144skie - 05.04.2026 r. - Parafia pw. \u015bw. Bart\u0142omieja w Dynowie","og_url":"https:\/\/bartkowka.przemyska.pl\/?p=594","og_site_name":"Parafia pw. \u015bw. Bart\u0142omieja w Dynowie","article_publisher":"https:\/\/www.facebook.com\/p\/Parafia-w-Bartomieja-w-Bartkwce-100071277346388\/","article_published_time":"2026-04-04T21:03:59+00:00","article_modified_time":"2026-04-04T21:04:00+00:00","og_image":[{"width":2560,"height":1920,"url":"https:\/\/bartkowka.przemyska.pl\/wp-content\/uploads\/2026\/02\/kosciol.webp","type":"image\/webp"}],"author":"proboszcz","twitter_card":"summary_large_image","twitter_misc":{"Napisane przez":"proboszcz","Szacowany czas czytania":"2 minuty"},"schema":{"@context":"https:\/\/schema.org","@graph":[{"@type":"Article","@id":"https:\/\/bartkowka.przemyska.pl\/?p=594#article","isPartOf":{"@id":"https:\/\/bartkowka.przemyska.pl\/?p=594"},"author":{"name":"proboszcz","@id":"https:\/\/bartkowka.przemyska.pl\/#\/schema\/person\/b2317833dc8aadb5912f504e78308176"},"headline":"Zmartwychwstanie Pa\u0144skie &#8211; 05.04.2026 r.","datePublished":"2026-04-04T21:03:59+00:00","dateModified":"2026-04-04T21:04:00+00:00","mainEntityOfPage":{"@id":"https:\/\/bartkowka.przemyska.pl\/?p=594"},"wordCount":350,"commentCount":0,"publisher":{"@id":"https:\/\/bartkowka.przemyska.pl\/#organization"},"articleSection":["Og\u0142oszenia"],"inLanguage":"pl-PL","potentialAction":[{"@type":"CommentAction","name":"Comment","target":["https:\/\/bartkowka.przemyska.pl\/?p=594#respond"]}]},{"@type":"WebPage","@id":"https:\/\/bartkowka.przemyska.pl\/?p=594","url":"https:\/\/bartkowka.przemyska.pl\/?p=594","name":"Zmartwychwstanie Pa\u0144skie - 05.04.2026 r. - Parafia pw. \u015bw. Bart\u0142omieja w Dynowie","isPartOf":{"@id":"https:\/\/bartkowka.przemyska.pl\/#website"},"datePublished":"2026-04-04T21:03:59+00:00","dateModified":"2026-04-04T21:04:00+00:00","breadcrumb":{"@id":"https:\/\/bartkowka.przemyska.pl\/?p=594#breadcrumb"},"inLanguage":"pl-PL","potentialAction":[{"@type":"ReadAction","target":["https:\/\/bartkowka.przemyska.pl\/?p=594"]}]},{"@type":"BreadcrumbList","@id":"https:\/\/bartkowka.przemyska.pl\/?p=594#breadcrumb","itemListElement":[{"@type":"ListItem","position":1,"name":"Strona g\u0142\u00f3wna","item":"https:\/\/bartkowka.przemyska.pl\/"},{"@type":"ListItem","position":2,"name":"Zmartwychwstanie Pa\u0144skie &#8211; 05.04.2026 r."}]},{"@type":"WebSite","@id":"https:\/\/bartkowka.przemyska.pl\/#website","url":"https:\/\/bartkowka.przemyska.pl\/","name":"Parafia pw. \u015bw. Bart\u0142omieja w Dynowie","description":"Strona internetowa Parafii pod wezwaniem \u015bwi\u0119tego Bart\u0142omieja w Dynowie - informacje, og\u0142oszenia duszpasterskie, intencje mszalne, aktualno\u015bci, galeria i kontakt.","publisher":{"@id":"https:\/\/bartkowka.przemyska.pl\/#organization"},"alternateName":"Parafia Bartk\u00f3wka","potentialAction":[{"@type":"SearchAction","target":{"@type":"EntryPoint","urlTemplate":"https:\/\/bartkowka.przemyska.pl\/?s={search_term_string}"},"query-input":{"@type":"PropertyValueSpecification","valueRequired":true,"valueName":"search_term_string"}}],"inLanguage":"pl-PL"},{"@type":"Organization","@id":"https:\/\/bartkowka.przemyska.pl\/#organization","name":"Parafia pw. \u015bw. Bart\u0142omieja w Dynowie","alternateName":"Parafia Bartk\u00f3wka","url":"https:\/\/bartkowka.przemyska.pl\/","logo":{"@type":"ImageObject","inLanguage":"pl-PL","@id":"https:\/\/bartkowka.przemyska.pl\/#\/schema\/logo\/image\/","url":"https:\/\/bartkowka.przemyska.pl\/wp-content\/uploads\/2026\/02\/cropped-logo.png","contentUrl":"https:\/\/bartkowka.przemyska.pl\/wp-content\/uploads\/2026\/02\/cropped-logo.png","width":512,"height":512,"caption":"Parafia pw. \u015bw. Bart\u0142omieja w Dynowie"},"image":{"@id":"https:\/\/bartkowka.przemyska.pl\/#\/schema\/logo\/image\/"},"sameAs":["https:\/\/www.facebook.com\/p\/Parafia-w-Bartomieja-w-Bartkwce-100071277346388\/"]},{"@type":"Person","@id":"https:\/\/bartkowka.przemyska.pl\/#\/schema\/person\/b2317833dc8aadb5912f504e78308176","name":"proboszcz","image":{"@type":"ImageObject","inLanguage":"pl-PL","@id":"https:\/\/secure.gravatar.com\/avatar\/c5c49cd93328f243feb602415db197e9b4cc359d4a9f367672bbdc28d63c78f7?s=96&d=mm&r=g","url":"https:\/\/secure.gravatar.com\/avatar\/c5c49cd93328f243feb602415db197e9b4cc359d4a9f367672bbdc28d63c78f7?s=96&d=mm&r=g","contentUrl":"https:\/\/secure.gravatar.com\/avatar\/c5c49cd93328f243feb602415db197e9b4cc359d4a9f367672bbdc28d63c78f7?s=96&d=mm&r=g","caption":"proboszcz"},"url":"https:\/\/bartkowka.przemyska.pl\/?author=2"}]}},"_links":{"self":[{"href":"https:\/\/bartkowka.przemyska.pl\/index.php?rest_route=\/wp\/v2\/posts\/594","targetHints":{"allow":["GET"]}}],"collection":[{"href":"https:\/\/bartkowka.przemyska.pl\/index.php?rest_route=\/wp\/v2\/posts"}],"about":[{"href":"https:\/\/bartkowka.przemyska.pl\/index.php?rest_route=\/wp\/v2\/types\/post"}],"author":[{"embeddable":true,"href":"https:\/\/bartkowka.przemyska.pl\/index.php?rest_route=\/wp\/v2\/users\/2"}],"replies":[{"embeddable":true,"href":"https:\/\/bartkowka.przemyska.pl\/index.php?rest_route=%2Fwp%2Fv2%2Fcomments&post=594"}],"version-history":[{"count":1,"href":"https:\/\/bartkowka.przemyska.pl\/index.php?rest_route=\/wp\/v2\/posts\/594\/revisions"}],"predecessor-version":[{"id":595,"href":"https:\/\/bartkowka.przemyska.pl\/index.php?rest_route=\/wp\/v2\/posts\/594\/revisions\/595"}],"wp:attachment":[{"href":"https:\/\/bartkowka.przemyska.pl\/index.php?rest_route=%2Fwp%2Fv2%2Fmedia&parent=594"}],"wp:term":[{"taxonomy":"category","embeddable":true,"href":"https:\/\/bartkowka.przemyska.pl\/index.php?rest_route=%2Fwp%2Fv2%2Fcategories&post=594"},{"taxonomy":"post_tag","embeddable":true,"href":"https:\/\/bartkowka.przemyska.pl\/index.php?rest_route=%2Fwp%2Fv2%2Ftags&post=594"}],"curies":[{"name":"wp","href":"https:\/\/api.w.org\/{rel}","templated":true}]}}