{"id":677,"date":"2026-04-19T07:15:10","date_gmt":"2026-04-19T05:15:10","guid":{"rendered":"https:\/\/bartkowka.przemyska.pl\/?p=677"},"modified":"2026-04-19T09:05:50","modified_gmt":"2026-04-19T07:05:50","slug":"iii-niedziela-wielkanocna-19-04-2026-r","status":"publish","type":"post","link":"https:\/\/bartkowka.przemyska.pl\/?p=677","title":{"rendered":"III Niedziela Wielkanocna &#8211; 19.04.2026 r."},"content":{"rendered":"\n<ol class=\"wp-block-list\">\n<li>Dzi\u015b rozpoczyna si\u0119 Tydzie\u0144 Biblijny. Zach\u0119camy do cz\u0119stego czytania Pisma \u015awi\u0119tego. W czwartek uroczysto\u015b\u0107 \u015bw. Wojciecha, biskupa i\u00a0m\u0119czennika, patrona Polski. Za tydzie\u0144 Niedziela Dobrego Pasterza, kt\u00f3ra rozpoczyna Tydzie\u0144 Modlitw o powo\u0142ania do s\u0142u\u017cby w Ko\u015bciele.<\/li>\n\n\n\n<li>Msze \u015bwi\u0119te w tygodniu o godz. 18:00, z wyj\u0105tkiem poniedzia\u0142ku i \u015brody o\u00a0godz. 7:00.<\/li>\n\n\n\n<li>We wtorek po Mszy \u015bwi\u0119tej spotkanie dzieci przygotowuj\u0105cych si\u0119 do\u00a0I\u00a0Komunii \u015awi\u0119tej.<\/li>\n\n\n\n<li>Dzisiejsza sk\u0142adka na potrzeby inwestycyjne naszej parafii.<\/li>\n\n\n\n<li>Dzi\u0119kuj\u0119 wszystkim za dbanie o czysto\u015b\u0107 ko\u015bcio\u0142a w minionym tygodniu. Prosz\u0119, aby t\u0119 pos\u0142ug\u0119 na kolejny tydzie\u0144 podj\u0119\u0142y rodziny: Tadeusz \u0141ybacki, Marynowska Katarzyna, Siry Arkadiusz, Panto\u0142 Dariusz, Bielec Piotr.<\/li>\n\n\n\n<li>Prosz\u0119, aby modlitw\u0119 r\u00f3\u017ca\u0144cow\u0105 w przysz\u0142ym tygodniu przed porann\u0105 Msz\u0105 \u015bwi\u0119t\u0105 poprowadzili bracia z\u00a0R\u00f3\u017cy MB Salety\u0144skiej, przed sum\u0105 \u2013 siostry z R\u00f3\u017cy Matki Bo\u017cej Niepokalanie Pocz\u0119tej.<\/li>\n\n\n\n<li>Zapowiedzi przed\u015blubne. Sakrament ma\u0142\u017ce\u0144stwa maj\u0105 zamiar zawrze\u0107: Barbara Nowak, par. pw. \u015bw. Bart\u0142omieja w Dynowie z \u0141ukaszem Nowakiem, par. pw. \u015bw. Bart\u0142omieja w Dynowie. Zapowied\u017a I.<\/li>\n\n\n\n<li>Rolnicy z terenu Miasta Dynowa zainteresowani bezp\u0142atnym odbiorem folii rolniczej (czarno-bia\u0142ej, czarnej i po sianokiszonce, luzem, bez siatek i sznurk\u00f3w, bez ziemi, b\u0142ota i innych nieczysto\u015bci) proszeni s\u0105 o z\u0142o\u017cenie stosownego o\u015bwiadczenia w Urz\u0119dzie Miasta Dyn\u00f3w lub w Biurze Zwi\u0105zku Eko-Logiczni w terminie do 20 maja 2026 r. Uzyskana informacja b\u0119dzie potraktowana jako inwentaryzacja w\/w odpad\u00f3w dla potrzeb zorganizowania bezp\u0142atnego odbioru. Szczeg\u00f3\u0142owe informacje dotycz\u0105ce terminu oraz miejsca zbi\u00f3rki zostan\u0105 przekazane zainteresowanym mieszka\u0144com.<\/li>\n<\/ol>\n","protected":false},"excerpt":{"rendered":"","protected":false},"author":2,"featured_media":0,"comment_status":"open","ping_status":"open","sticky":false,"template":"","format":"standard","meta":{"site-sidebar-layout":"default","site-content-layout":"","ast-site-content-layout":"default","site-content-style":"default","site-sidebar-style":"default","ast-global-header-display":"","ast-banner-title-visibility":"","ast-main-header-display":"","ast-hfb-above-header-display":"","ast-hfb-below-header-display":"","ast-hfb-mobile-header-display":"","site-post-title":"","ast-breadcrumbs-content":"","ast-featured-img":"","footer-sml-layout":"","ast-disable-related-posts":"","theme-transparent-header-meta":"","adv-header-id-meta":"","stick-header-meta":"","header-above-stick-meta":"","header-main-stick-meta":"","header-below-stick-meta":"","astra-migrate-meta-layouts":"default","ast-page-background-enabled":"default","ast-page-background-meta":{"desktop":{"background-color":"var(--ast-global-color-5)","background-image":"","background-repeat":"repeat","background-position":"center center","background-size":"auto","background-attachment":"scroll","background-type":"","background-media":"","overlay-type":"","overlay-color":"","overlay-opacity":"","overlay-gradient":""},"tablet":{"background-color":"","background-image":"","background-repeat":"repeat","background-position":"center center","background-size":"auto","background-attachment":"scroll","background-type":"","background-media":"","overlay-type":"","overlay-color":"","overlay-opacity":"","overlay-gradient":""},"mobile":{"background-color":"","background-image":"","background-repeat":"repeat","background-position":"center center","background-size":"auto","background-attachment":"scroll","background-type":"","background-media":"","overlay-type":"","overlay-color":"","overlay-opacity":"","overlay-gradient":""}},"ast-content-background-meta":{"desktop":{"background-color":"var(--ast-global-color-4)","background-image":"","background-repeat":"repeat","background-position":"center center","background-size":"auto","background-attachment":"scroll","background-type":"","background-media":"","overlay-type":"","overlay-color":"","overlay-opacity":"","overlay-gradient":""},"tablet":{"background-color":"var(--ast-global-color-4)","background-image":"","background-repeat":"repeat","background-position":"center center","background-size":"auto","background-attachment":"scroll","background-type":"","background-media":"","overlay-type":"","overlay-color":"","overlay-opacity":"","overlay-gradient":""},"mobile":{"background-color":"var(--ast-global-color-4)","background-image":"","background-repeat":"repeat","background-position":"center center","background-size":"auto","background-attachment":"scroll","background-type":"","background-media":"","overlay-type":"","overlay-color":"","overlay-opacity":"","overlay-gradient":""}},"footnotes":""},"categories":[6],"tags":[],"class_list":["post-677","post","type-post","status-publish","format-standard","hentry","category-ogloszenia"],"yoast_head":"<!-- This site is optimized with the Yoast SEO plugin v27.4 - https:\/\/yoast.com\/product\/yoast-seo-wordpress\/ -->\n<title>III Niedziela Wielkanocna - 19.04.2026 r. - Parafia pw. \u015bw. Bart\u0142omieja w Dynowie<\/title>\n<meta name=\"robots\" content=\"index, follow, max-snippet:-1, max-image-preview:large, max-video-preview:-1\" \/>\n<link rel=\"canonical\" href=\"https:\/\/bartkowka.przemyska.pl\/?p=677\" \/>\n<meta property=\"og:locale\" content=\"pl_PL\" \/>\n<meta property=\"og:type\" content=\"article\" \/>\n<meta property=\"og:title\" content=\"III Niedziela Wielkanocna - 19.04.2026 r. - Parafia pw. \u015bw. Bart\u0142omieja w Dynowie\" \/>\n<meta property=\"og:url\" content=\"https:\/\/bartkowka.przemyska.pl\/?p=677\" \/>\n<meta property=\"og:site_name\" content=\"Parafia pw. \u015bw. Bart\u0142omieja w Dynowie\" \/>\n<meta property=\"article:publisher\" content=\"https:\/\/www.facebook.com\/p\/Parafia-w-Bartomieja-w-Bartkwce-100071277346388\/\" \/>\n<meta property=\"article:published_time\" content=\"2026-04-19T05:15:10+00:00\" \/>\n<meta property=\"article:modified_time\" content=\"2026-04-19T07:05:50+00:00\" \/>\n<meta property=\"og:image\" content=\"https:\/\/bartkowka.przemyska.pl\/wp-content\/uploads\/2026\/02\/kosciol.webp\" \/>\n\t<meta property=\"og:image:width\" content=\"2560\" \/>\n\t<meta property=\"og:image:height\" content=\"1920\" \/>\n\t<meta property=\"og:image:type\" content=\"image\/webp\" \/>\n<meta name=\"author\" content=\"proboszcz\" \/>\n<meta name=\"twitter:card\" content=\"summary_large_image\" \/>\n<meta name=\"twitter:label1\" content=\"Napisane przez\" \/>\n\t<meta name=\"twitter:data1\" content=\"proboszcz\" \/>\n\t<meta name=\"twitter:label2\" content=\"Szacowany czas czytania\" \/>\n\t<meta name=\"twitter:data2\" content=\"2 minuty\" \/>\n<script type=\"application\/ld+json\" class=\"yoast-schema-graph\">{\"@context\":\"https:\\\/\\\/schema.org\",\"@graph\":[{\"@type\":\"Article\",\"@id\":\"https:\\\/\\\/bartkowka.przemyska.pl\\\/?p=677#article\",\"isPartOf\":{\"@id\":\"https:\\\/\\\/bartkowka.przemyska.pl\\\/?p=677\"},\"author\":{\"name\":\"proboszcz\",\"@id\":\"https:\\\/\\\/bartkowka.przemyska.pl\\\/#\\\/schema\\\/person\\\/b2317833dc8aadb5912f504e78308176\"},\"headline\":\"III Niedziela Wielkanocna &#8211; 19.04.2026 r.\",\"datePublished\":\"2026-04-19T05:15:10+00:00\",\"dateModified\":\"2026-04-19T07:05:50+00:00\",\"mainEntityOfPage\":{\"@id\":\"https:\\\/\\\/bartkowka.przemyska.pl\\\/?p=677\"},\"wordCount\":279,\"commentCount\":0,\"publisher\":{\"@id\":\"https:\\\/\\\/bartkowka.przemyska.pl\\\/#organization\"},\"articleSection\":[\"Og\u0142oszenia\"],\"inLanguage\":\"pl-PL\",\"potentialAction\":[{\"@type\":\"CommentAction\",\"name\":\"Comment\",\"target\":[\"https:\\\/\\\/bartkowka.przemyska.pl\\\/?p=677#respond\"]}]},{\"@type\":\"WebPage\",\"@id\":\"https:\\\/\\\/bartkowka.przemyska.pl\\\/?p=677\",\"url\":\"https:\\\/\\\/bartkowka.przemyska.pl\\\/?p=677\",\"name\":\"III Niedziela Wielkanocna - 19.04.2026 r. - Parafia pw. \u015bw. Bart\u0142omieja w Dynowie\",\"isPartOf\":{\"@id\":\"https:\\\/\\\/bartkowka.przemyska.pl\\\/#website\"},\"datePublished\":\"2026-04-19T05:15:10+00:00\",\"dateModified\":\"2026-04-19T07:05:50+00:00\",\"breadcrumb\":{\"@id\":\"https:\\\/\\\/bartkowka.przemyska.pl\\\/?p=677#breadcrumb\"},\"inLanguage\":\"pl-PL\",\"potentialAction\":[{\"@type\":\"ReadAction\",\"target\":[\"https:\\\/\\\/bartkowka.przemyska.pl\\\/?p=677\"]}]},{\"@type\":\"BreadcrumbList\",\"@id\":\"https:\\\/\\\/bartkowka.przemyska.pl\\\/?p=677#breadcrumb\",\"itemListElement\":[{\"@type\":\"ListItem\",\"position\":1,\"name\":\"Strona g\u0142\u00f3wna\",\"item\":\"https:\\\/\\\/bartkowka.przemyska.pl\\\/\"},{\"@type\":\"ListItem\",\"position\":2,\"name\":\"III Niedziela Wielkanocna &#8211; 19.04.2026 r.\"}]},{\"@type\":\"WebSite\",\"@id\":\"https:\\\/\\\/bartkowka.przemyska.pl\\\/#website\",\"url\":\"https:\\\/\\\/bartkowka.przemyska.pl\\\/\",\"name\":\"Parafia pw. \u015bw. Bart\u0142omieja w Dynowie\",\"description\":\"Strona internetowa Parafii pod wezwaniem \u015bwi\u0119tego Bart\u0142omieja w Dynowie - informacje, og\u0142oszenia duszpasterskie, intencje mszalne, aktualno\u015bci, galeria i kontakt.\",\"publisher\":{\"@id\":\"https:\\\/\\\/bartkowka.przemyska.pl\\\/#organization\"},\"alternateName\":\"Parafia Bartk\u00f3wka\",\"potentialAction\":[{\"@type\":\"SearchAction\",\"target\":{\"@type\":\"EntryPoint\",\"urlTemplate\":\"https:\\\/\\\/bartkowka.przemyska.pl\\\/?s={search_term_string}\"},\"query-input\":{\"@type\":\"PropertyValueSpecification\",\"valueRequired\":true,\"valueName\":\"search_term_string\"}}],\"inLanguage\":\"pl-PL\"},{\"@type\":\"Organization\",\"@id\":\"https:\\\/\\\/bartkowka.przemyska.pl\\\/#organization\",\"name\":\"Parafia pw. \u015bw. Bart\u0142omieja w Dynowie\",\"alternateName\":\"Parafia Bartk\u00f3wka\",\"url\":\"https:\\\/\\\/bartkowka.przemyska.pl\\\/\",\"logo\":{\"@type\":\"ImageObject\",\"inLanguage\":\"pl-PL\",\"@id\":\"https:\\\/\\\/bartkowka.przemyska.pl\\\/#\\\/schema\\\/logo\\\/image\\\/\",\"url\":\"https:\\\/\\\/bartkowka.przemyska.pl\\\/wp-content\\\/uploads\\\/2026\\\/02\\\/cropped-logo.png\",\"contentUrl\":\"https:\\\/\\\/bartkowka.przemyska.pl\\\/wp-content\\\/uploads\\\/2026\\\/02\\\/cropped-logo.png\",\"width\":512,\"height\":512,\"caption\":\"Parafia pw. \u015bw. Bart\u0142omieja w Dynowie\"},\"image\":{\"@id\":\"https:\\\/\\\/bartkowka.przemyska.pl\\\/#\\\/schema\\\/logo\\\/image\\\/\"},\"sameAs\":[\"https:\\\/\\\/www.facebook.com\\\/p\\\/Parafia-w-Bartomieja-w-Bartkwce-100071277346388\\\/\"]},{\"@type\":\"Person\",\"@id\":\"https:\\\/\\\/bartkowka.przemyska.pl\\\/#\\\/schema\\\/person\\\/b2317833dc8aadb5912f504e78308176\",\"name\":\"proboszcz\",\"image\":{\"@type\":\"ImageObject\",\"inLanguage\":\"pl-PL\",\"@id\":\"https:\\\/\\\/secure.gravatar.com\\\/avatar\\\/c5c49cd93328f243feb602415db197e9b4cc359d4a9f367672bbdc28d63c78f7?s=96&d=mm&r=g\",\"url\":\"https:\\\/\\\/secure.gravatar.com\\\/avatar\\\/c5c49cd93328f243feb602415db197e9b4cc359d4a9f367672bbdc28d63c78f7?s=96&d=mm&r=g\",\"contentUrl\":\"https:\\\/\\\/secure.gravatar.com\\\/avatar\\\/c5c49cd93328f243feb602415db197e9b4cc359d4a9f367672bbdc28d63c78f7?s=96&d=mm&r=g\",\"caption\":\"proboszcz\"},\"url\":\"https:\\\/\\\/bartkowka.przemyska.pl\\\/?author=2\"}]}<\/script>\n<!-- \/ Yoast SEO plugin. -->","yoast_head_json":{"title":"III Niedziela Wielkanocna - 19.04.2026 r. - Parafia pw. \u015bw. Bart\u0142omieja w Dynowie","robots":{"index":"index","follow":"follow","max-snippet":"max-snippet:-1","max-image-preview":"max-image-preview:large","max-video-preview":"max-video-preview:-1"},"canonical":"https:\/\/bartkowka.przemyska.pl\/?p=677","og_locale":"pl_PL","og_type":"article","og_title":"III Niedziela Wielkanocna - 19.04.2026 r. - Parafia pw. \u015bw. Bart\u0142omieja w Dynowie","og_url":"https:\/\/bartkowka.przemyska.pl\/?p=677","og_site_name":"Parafia pw. \u015bw. Bart\u0142omieja w Dynowie","article_publisher":"https:\/\/www.facebook.com\/p\/Parafia-w-Bartomieja-w-Bartkwce-100071277346388\/","article_published_time":"2026-04-19T05:15:10+00:00","article_modified_time":"2026-04-19T07:05:50+00:00","og_image":[{"width":2560,"height":1920,"url":"https:\/\/bartkowka.przemyska.pl\/wp-content\/uploads\/2026\/02\/kosciol.webp","type":"image\/webp"}],"author":"proboszcz","twitter_card":"summary_large_image","twitter_misc":{"Napisane przez":"proboszcz","Szacowany czas czytania":"2 minuty"},"schema":{"@context":"https:\/\/schema.org","@graph":[{"@type":"Article","@id":"https:\/\/bartkowka.przemyska.pl\/?p=677#article","isPartOf":{"@id":"https:\/\/bartkowka.przemyska.pl\/?p=677"},"author":{"name":"proboszcz","@id":"https:\/\/bartkowka.przemyska.pl\/#\/schema\/person\/b2317833dc8aadb5912f504e78308176"},"headline":"III Niedziela Wielkanocna &#8211; 19.04.2026 r.","datePublished":"2026-04-19T05:15:10+00:00","dateModified":"2026-04-19T07:05:50+00:00","mainEntityOfPage":{"@id":"https:\/\/bartkowka.przemyska.pl\/?p=677"},"wordCount":279,"commentCount":0,"publisher":{"@id":"https:\/\/bartkowka.przemyska.pl\/#organization"},"articleSection":["Og\u0142oszenia"],"inLanguage":"pl-PL","potentialAction":[{"@type":"CommentAction","name":"Comment","target":["https:\/\/bartkowka.przemyska.pl\/?p=677#respond"]}]},{"@type":"WebPage","@id":"https:\/\/bartkowka.przemyska.pl\/?p=677","url":"https:\/\/bartkowka.przemyska.pl\/?p=677","name":"III Niedziela Wielkanocna - 19.04.2026 r. - Parafia pw. \u015bw. Bart\u0142omieja w Dynowie","isPartOf":{"@id":"https:\/\/bartkowka.przemyska.pl\/#website"},"datePublished":"2026-04-19T05:15:10+00:00","dateModified":"2026-04-19T07:05:50+00:00","breadcrumb":{"@id":"https:\/\/bartkowka.przemyska.pl\/?p=677#breadcrumb"},"inLanguage":"pl-PL","potentialAction":[{"@type":"ReadAction","target":["https:\/\/bartkowka.przemyska.pl\/?p=677"]}]},{"@type":"BreadcrumbList","@id":"https:\/\/bartkowka.przemyska.pl\/?p=677#breadcrumb","itemListElement":[{"@type":"ListItem","position":1,"name":"Strona g\u0142\u00f3wna","item":"https:\/\/bartkowka.przemyska.pl\/"},{"@type":"ListItem","position":2,"name":"III Niedziela Wielkanocna &#8211; 19.04.2026 r."}]},{"@type":"WebSite","@id":"https:\/\/bartkowka.przemyska.pl\/#website","url":"https:\/\/bartkowka.przemyska.pl\/","name":"Parafia pw. \u015bw. Bart\u0142omieja w Dynowie","description":"Strona internetowa Parafii pod wezwaniem \u015bwi\u0119tego Bart\u0142omieja w Dynowie - informacje, og\u0142oszenia duszpasterskie, intencje mszalne, aktualno\u015bci, galeria i kontakt.","publisher":{"@id":"https:\/\/bartkowka.przemyska.pl\/#organization"},"alternateName":"Parafia Bartk\u00f3wka","potentialAction":[{"@type":"SearchAction","target":{"@type":"EntryPoint","urlTemplate":"https:\/\/bartkowka.przemyska.pl\/?s={search_term_string}"},"query-input":{"@type":"PropertyValueSpecification","valueRequired":true,"valueName":"search_term_string"}}],"inLanguage":"pl-PL"},{"@type":"Organization","@id":"https:\/\/bartkowka.przemyska.pl\/#organization","name":"Parafia pw. \u015bw. Bart\u0142omieja w Dynowie","alternateName":"Parafia Bartk\u00f3wka","url":"https:\/\/bartkowka.przemyska.pl\/","logo":{"@type":"ImageObject","inLanguage":"pl-PL","@id":"https:\/\/bartkowka.przemyska.pl\/#\/schema\/logo\/image\/","url":"https:\/\/bartkowka.przemyska.pl\/wp-content\/uploads\/2026\/02\/cropped-logo.png","contentUrl":"https:\/\/bartkowka.przemyska.pl\/wp-content\/uploads\/2026\/02\/cropped-logo.png","width":512,"height":512,"caption":"Parafia pw. \u015bw. Bart\u0142omieja w Dynowie"},"image":{"@id":"https:\/\/bartkowka.przemyska.pl\/#\/schema\/logo\/image\/"},"sameAs":["https:\/\/www.facebook.com\/p\/Parafia-w-Bartomieja-w-Bartkwce-100071277346388\/"]},{"@type":"Person","@id":"https:\/\/bartkowka.przemyska.pl\/#\/schema\/person\/b2317833dc8aadb5912f504e78308176","name":"proboszcz","image":{"@type":"ImageObject","inLanguage":"pl-PL","@id":"https:\/\/secure.gravatar.com\/avatar\/c5c49cd93328f243feb602415db197e9b4cc359d4a9f367672bbdc28d63c78f7?s=96&d=mm&r=g","url":"https:\/\/secure.gravatar.com\/avatar\/c5c49cd93328f243feb602415db197e9b4cc359d4a9f367672bbdc28d63c78f7?s=96&d=mm&r=g","contentUrl":"https:\/\/secure.gravatar.com\/avatar\/c5c49cd93328f243feb602415db197e9b4cc359d4a9f367672bbdc28d63c78f7?s=96&d=mm&r=g","caption":"proboszcz"},"url":"https:\/\/bartkowka.przemyska.pl\/?author=2"}]}},"_links":{"self":[{"href":"https:\/\/bartkowka.przemyska.pl\/index.php?rest_route=\/wp\/v2\/posts\/677","targetHints":{"allow":["GET"]}}],"collection":[{"href":"https:\/\/bartkowka.przemyska.pl\/index.php?rest_route=\/wp\/v2\/posts"}],"about":[{"href":"https:\/\/bartkowka.przemyska.pl\/index.php?rest_route=\/wp\/v2\/types\/post"}],"author":[{"embeddable":true,"href":"https:\/\/bartkowka.przemyska.pl\/index.php?rest_route=\/wp\/v2\/users\/2"}],"replies":[{"embeddable":true,"href":"https:\/\/bartkowka.przemyska.pl\/index.php?rest_route=%2Fwp%2Fv2%2Fcomments&post=677"}],"version-history":[{"count":2,"href":"https:\/\/bartkowka.przemyska.pl\/index.php?rest_route=\/wp\/v2\/posts\/677\/revisions"}],"predecessor-version":[{"id":679,"href":"https:\/\/bartkowka.przemyska.pl\/index.php?rest_route=\/wp\/v2\/posts\/677\/revisions\/679"}],"wp:attachment":[{"href":"https:\/\/bartkowka.przemyska.pl\/index.php?rest_route=%2Fwp%2Fv2%2Fmedia&parent=677"}],"wp:term":[{"taxonomy":"category","embeddable":true,"href":"https:\/\/bartkowka.przemyska.pl\/index.php?rest_route=%2Fwp%2Fv2%2Fcategories&post=677"},{"taxonomy":"post_tag","embeddable":true,"href":"https:\/\/bartkowka.przemyska.pl\/index.php?rest_route=%2Fwp%2Fv2%2Ftags&post=677"}],"curies":[{"name":"wp","href":"https:\/\/api.w.org\/{rel}","templated":true}]}}