{"id":81,"date":"2026-02-21T18:01:51","date_gmt":"2026-02-21T17:01:51","guid":{"rendered":"https:\/\/bartkowka.przemyska.pl\/?p=81"},"modified":"2026-02-28T20:34:16","modified_gmt":"2026-02-28T19:34:16","slug":"vi-niedziela-zwykla-15-02-2026-r","status":"publish","type":"post","link":"https:\/\/bartkowka.przemyska.pl\/?p=81","title":{"rendered":"VI Niedziela Zwyk\u0142a \u2013 15.02.2026 r."},"content":{"rendered":"\n<p class=\"has-text-align-left\">1. W tym tygodniu wypada \u015aroda Popielcowa, kt\u00f3ra rozpoczyna Wielki Post. Msze \u015bwi\u0119te o godz. 8:00 i 17:00. Na ka\u017cdej Mszy \u015bwi\u0119tej obrz\u0119d posypania g\u0142\u00f3w popio\u0142em. W tym dniu obowi\u0105zuje wstrzemi\u0119\u017aliwo\u015b\u0107 od pokarm\u00f3w mi\u0119snych (wszystkich, kt\u00f3rzy uko\u0144czyli 14. Rok \u017cycia) oraz post ilo\u015bciowy (obowi\u0105zuje wszystkich wiernych, kt\u00f3rzy uko\u0144czyli 18. rok \u017cycia, a nie rozpocz\u0119li 60.). Mimo tego przepisu rodzice powinni jednak zatroszczy\u0107 si\u0119, aby r\u00f3wnie\u017c dzieci by\u0142y wprowadzane w autentycznego ducha pokuty.<br>2. W pi\u0105tek po Mszy \u015bwi\u0119tej nabo\u017ce\u0144stwo drogi krzy\u017cowej.<br>Od przysz\u0142ej niedzieli, o godz. 15:00 b\u0119dzie nabo\u017ce\u0144stwo Gorzkich \u017bali, a po nim jeszcze trzecia Msza \u015bwi\u0119ta.<br>3. Msze \u015bwi\u0119te w tygodniu, we wtorek i czwartek o 7:00, w pozosta\u0142e dni o 17:00 (w \u015brod\u0119 dodatkowa Msza \u015bwi\u0119ta o 8:00).<br>4. Dzi\u0119kuj\u0119 wszystkim za dbanie o czysto\u015b\u0107 ko\u015bcio\u0142a w minionym tygodniu. Prosz\u0119, aby t\u0119 pos\u0142ug\u0119 na kolejny tydzie\u0144 podj\u0119\u0142y rodziny: Siry Jan, Py\u015b Miros\u0142aw, Sarnicka Janina, Du\u0107 Danuta, Kula Tomasz.<br>5. Dzi\u015b sk\u0142adka na potrzeby inwestycyjne parafii. Zbi\u00f3rka do puszek na pomoc dla Ukrainy.<br>6. W parafii pw. \u015bw. Wawrzy\u0144ca w Dynowie b\u0119dzie organizowany kurs przedma\u0142\u017ce\u0144ski. Rozpocz\u0119cie w sobot\u0119 21 lutego Msz\u0105 \u015bw. o godzinie 18.00, po niej pierwsza nauka.<br>7. Zarz\u0105d Ochotniczej Stra\u017cy Po\u017carnej Bartk\u00f3wka informuje, \u017ce w przysz\u0142\u0105 niedziel\u0119 22 lutego w Remizie OSP od 13:00 do 17:00 b\u0119dzie mo\u017cna rozliczy\u0107 si\u0119 z podatku dochodowego za 2025 r.<br>8. OSP w Bartk\u00f3wce zwraca si\u0119 tak\u017ce z pro\u015bb\u0105 o przekazywanie 1,5% od podatku dochodowego na rzecz ich jednostki. Osoby, kt\u00f3re otrzyma\u0142y PIT-40 z ZUS-u lub KRUS-u r\u00f3wnie\u017c mog\u0105 przekaza\u0107 1,5% podatku. Zadbajmy, aby pieni\u0105dze z 1,5% zosta\u0142y w naszej miejscowo\u015bci.<br>9. O modlitw\u0119 r\u00f3\u017ca\u0144cow\u0105 prosz\u0119 za tydzie\u0144 przed porann\u0105 Msz\u0105 \u015bwi\u0119t\u0105 braci z R\u00f3\u017cy MB Cz\u0119stochowskiej, przed sum\u0105 \u2013 siostry z R\u00f3\u017cy MB Niepokalanie Pocz\u0119tej.<br>W ostatnim czasie z naszej wsp\u00f3lnoty parafialnej odszed\u0142 \u015bp. J\u00f3zef Wandas. Pom\u00f3dlmy si\u0119 w jego intencji. Wieczne odpoczywanie \u2026<\/p>\n","protected":false},"excerpt":{"rendered":"<p>1. W tym tygodniu wypada \u015aroda Popielcowa, kt\u00f3ra rozpoczyna Wielki Post. Msze \u015bwi\u0119te o godz. 8:00 i 17:00. Na ka\u017cdej [&hellip;]<\/p>\n","protected":false},"author":1,"featured_media":0,"comment_status":"open","ping_status":"open","sticky":false,"template":"","format":"standard","meta":{"site-sidebar-layout":"default","site-content-layout":"","ast-site-content-layout":"default","site-content-style":"default","site-sidebar-style":"default","ast-global-header-display":"","ast-banner-title-visibility":"","ast-main-header-display":"","ast-hfb-above-header-display":"","ast-hfb-below-header-display":"","ast-hfb-mobile-header-display":"","site-post-title":"","ast-breadcrumbs-content":"","ast-featured-img":"","footer-sml-layout":"","ast-disable-related-posts":"","theme-transparent-header-meta":"","adv-header-id-meta":"","stick-header-meta":"","header-above-stick-meta":"","header-main-stick-meta":"","header-below-stick-meta":"","astra-migrate-meta-layouts":"default","ast-page-background-enabled":"default","ast-page-background-meta":{"desktop":{"background-color":"var(--ast-global-color-5)","background-image":"","background-repeat":"repeat","background-position":"center center","background-size":"auto","background-attachment":"scroll","background-type":"","background-media":"","overlay-type":"","overlay-color":"","overlay-opacity":"","overlay-gradient":""},"tablet":{"background-color":"","background-image":"","background-repeat":"repeat","background-position":"center center","background-size":"auto","background-attachment":"scroll","background-type":"","background-media":"","overlay-type":"","overlay-color":"","overlay-opacity":"","overlay-gradient":""},"mobile":{"background-color":"","background-image":"","background-repeat":"repeat","background-position":"center center","background-size":"auto","background-attachment":"scroll","background-type":"","background-media":"","overlay-type":"","overlay-color":"","overlay-opacity":"","overlay-gradient":""}},"ast-content-background-meta":{"desktop":{"background-color":"var(--ast-global-color-4)","background-image":"","background-repeat":"repeat","background-position":"center center","background-size":"auto","background-attachment":"scroll","background-type":"","background-media":"","overlay-type":"","overlay-color":"","overlay-opacity":"","overlay-gradient":""},"tablet":{"background-color":"var(--ast-global-color-4)","background-image":"","background-repeat":"repeat","background-position":"center center","background-size":"auto","background-attachment":"scroll","background-type":"","background-media":"","overlay-type":"","overlay-color":"","overlay-opacity":"","overlay-gradient":""},"mobile":{"background-color":"var(--ast-global-color-4)","background-image":"","background-repeat":"repeat","background-position":"center center","background-size":"auto","background-attachment":"scroll","background-type":"","background-media":"","overlay-type":"","overlay-color":"","overlay-opacity":"","overlay-gradient":""}},"footnotes":""},"categories":[6],"tags":[],"class_list":["post-81","post","type-post","status-publish","format-standard","hentry","category-ogloszenia"],"yoast_head":"<!-- This site is optimized with the Yoast SEO plugin v27.4 - https:\/\/yoast.com\/product\/yoast-seo-wordpress\/ -->\n<title>VI Niedziela Zwyk\u0142a \u2013 15.02.2026 r. - Parafia pw. \u015bw. Bart\u0142omieja w Dynowie<\/title>\n<meta name=\"robots\" content=\"index, follow, max-snippet:-1, max-image-preview:large, max-video-preview:-1\" \/>\n<link rel=\"canonical\" href=\"https:\/\/bartkowka.przemyska.pl\/?p=81\" \/>\n<meta property=\"og:locale\" content=\"pl_PL\" \/>\n<meta property=\"og:type\" content=\"article\" \/>\n<meta property=\"og:title\" content=\"VI Niedziela Zwyk\u0142a \u2013 15.02.2026 r. - Parafia pw. \u015bw. Bart\u0142omieja w Dynowie\" \/>\n<meta property=\"og:description\" content=\"1. W tym tygodniu wypada \u015aroda Popielcowa, kt\u00f3ra rozpoczyna Wielki Post. Msze \u015bwi\u0119te o godz. 8:00 i 17:00. Na ka\u017cdej [&hellip;]\" \/>\n<meta property=\"og:url\" content=\"https:\/\/bartkowka.przemyska.pl\/?p=81\" \/>\n<meta property=\"og:site_name\" content=\"Parafia pw. \u015bw. Bart\u0142omieja w Dynowie\" \/>\n<meta property=\"article:publisher\" content=\"https:\/\/www.facebook.com\/p\/Parafia-w-Bartomieja-w-Bartkwce-100071277346388\/\" \/>\n<meta property=\"article:published_time\" content=\"2026-02-21T17:01:51+00:00\" \/>\n<meta property=\"article:modified_time\" content=\"2026-02-28T19:34:16+00:00\" \/>\n<meta property=\"og:image\" content=\"https:\/\/bartkowka.przemyska.pl\/wp-content\/uploads\/2026\/02\/kosciol.webp\" \/>\n\t<meta property=\"og:image:width\" content=\"2560\" \/>\n\t<meta property=\"og:image:height\" content=\"1920\" \/>\n\t<meta property=\"og:image:type\" content=\"image\/webp\" \/>\n<meta name=\"author\" content=\"adam\" \/>\n<meta name=\"twitter:card\" content=\"summary_large_image\" \/>\n<meta name=\"twitter:label1\" content=\"Napisane przez\" \/>\n\t<meta name=\"twitter:data1\" content=\"adam\" \/>\n\t<meta name=\"twitter:label2\" content=\"Szacowany czas czytania\" \/>\n\t<meta name=\"twitter:data2\" content=\"2 minuty\" \/>\n<script type=\"application\/ld+json\" class=\"yoast-schema-graph\">{\"@context\":\"https:\\\/\\\/schema.org\",\"@graph\":[{\"@type\":\"Article\",\"@id\":\"https:\\\/\\\/bartkowka.przemyska.pl\\\/?p=81#article\",\"isPartOf\":{\"@id\":\"https:\\\/\\\/bartkowka.przemyska.pl\\\/?p=81\"},\"author\":{\"name\":\"adam\",\"@id\":\"https:\\\/\\\/bartkowka.przemyska.pl\\\/#\\\/schema\\\/person\\\/296147a7f25e36d6c0178355ab1c03e2\"},\"headline\":\"VI Niedziela Zwyk\u0142a \u2013 15.02.2026 r.\",\"datePublished\":\"2026-02-21T17:01:51+00:00\",\"dateModified\":\"2026-02-28T19:34:16+00:00\",\"mainEntityOfPage\":{\"@id\":\"https:\\\/\\\/bartkowka.przemyska.pl\\\/?p=81\"},\"wordCount\":353,\"commentCount\":0,\"publisher\":{\"@id\":\"https:\\\/\\\/bartkowka.przemyska.pl\\\/#organization\"},\"articleSection\":[\"Og\u0142oszenia\"],\"inLanguage\":\"pl-PL\",\"potentialAction\":[{\"@type\":\"CommentAction\",\"name\":\"Comment\",\"target\":[\"https:\\\/\\\/bartkowka.przemyska.pl\\\/?p=81#respond\"]}]},{\"@type\":\"WebPage\",\"@id\":\"https:\\\/\\\/bartkowka.przemyska.pl\\\/?p=81\",\"url\":\"https:\\\/\\\/bartkowka.przemyska.pl\\\/?p=81\",\"name\":\"VI Niedziela Zwyk\u0142a \u2013 15.02.2026 r. - Parafia pw. \u015bw. Bart\u0142omieja w Dynowie\",\"isPartOf\":{\"@id\":\"https:\\\/\\\/bartkowka.przemyska.pl\\\/#website\"},\"datePublished\":\"2026-02-21T17:01:51+00:00\",\"dateModified\":\"2026-02-28T19:34:16+00:00\",\"breadcrumb\":{\"@id\":\"https:\\\/\\\/bartkowka.przemyska.pl\\\/?p=81#breadcrumb\"},\"inLanguage\":\"pl-PL\",\"potentialAction\":[{\"@type\":\"ReadAction\",\"target\":[\"https:\\\/\\\/bartkowka.przemyska.pl\\\/?p=81\"]}]},{\"@type\":\"BreadcrumbList\",\"@id\":\"https:\\\/\\\/bartkowka.przemyska.pl\\\/?p=81#breadcrumb\",\"itemListElement\":[{\"@type\":\"ListItem\",\"position\":1,\"name\":\"Strona g\u0142\u00f3wna\",\"item\":\"https:\\\/\\\/bartkowka.przemyska.pl\\\/\"},{\"@type\":\"ListItem\",\"position\":2,\"name\":\"VI Niedziela Zwyk\u0142a \u2013 15.02.2026 r.\"}]},{\"@type\":\"WebSite\",\"@id\":\"https:\\\/\\\/bartkowka.przemyska.pl\\\/#website\",\"url\":\"https:\\\/\\\/bartkowka.przemyska.pl\\\/\",\"name\":\"Parafia pw. \u015bw. Bart\u0142omieja w Dynowie\",\"description\":\"Strona internetowa Parafii pod wezwaniem \u015bwi\u0119tego Bart\u0142omieja w Dynowie - informacje, og\u0142oszenia duszpasterskie, intencje mszalne, aktualno\u015bci, galeria i kontakt.\",\"publisher\":{\"@id\":\"https:\\\/\\\/bartkowka.przemyska.pl\\\/#organization\"},\"alternateName\":\"Parafia Bartk\u00f3wka\",\"potentialAction\":[{\"@type\":\"SearchAction\",\"target\":{\"@type\":\"EntryPoint\",\"urlTemplate\":\"https:\\\/\\\/bartkowka.przemyska.pl\\\/?s={search_term_string}\"},\"query-input\":{\"@type\":\"PropertyValueSpecification\",\"valueRequired\":true,\"valueName\":\"search_term_string\"}}],\"inLanguage\":\"pl-PL\"},{\"@type\":\"Organization\",\"@id\":\"https:\\\/\\\/bartkowka.przemyska.pl\\\/#organization\",\"name\":\"Parafia pw. \u015bw. Bart\u0142omieja w Dynowie\",\"alternateName\":\"Parafia Bartk\u00f3wka\",\"url\":\"https:\\\/\\\/bartkowka.przemyska.pl\\\/\",\"logo\":{\"@type\":\"ImageObject\",\"inLanguage\":\"pl-PL\",\"@id\":\"https:\\\/\\\/bartkowka.przemyska.pl\\\/#\\\/schema\\\/logo\\\/image\\\/\",\"url\":\"https:\\\/\\\/bartkowka.przemyska.pl\\\/wp-content\\\/uploads\\\/2026\\\/02\\\/cropped-logo.png\",\"contentUrl\":\"https:\\\/\\\/bartkowka.przemyska.pl\\\/wp-content\\\/uploads\\\/2026\\\/02\\\/cropped-logo.png\",\"width\":512,\"height\":512,\"caption\":\"Parafia pw. \u015bw. Bart\u0142omieja w Dynowie\"},\"image\":{\"@id\":\"https:\\\/\\\/bartkowka.przemyska.pl\\\/#\\\/schema\\\/logo\\\/image\\\/\"},\"sameAs\":[\"https:\\\/\\\/www.facebook.com\\\/p\\\/Parafia-w-Bartomieja-w-Bartkwce-100071277346388\\\/\"]},{\"@type\":\"Person\",\"@id\":\"https:\\\/\\\/bartkowka.przemyska.pl\\\/#\\\/schema\\\/person\\\/296147a7f25e36d6c0178355ab1c03e2\",\"name\":\"adam\",\"image\":{\"@type\":\"ImageObject\",\"inLanguage\":\"pl-PL\",\"@id\":\"https:\\\/\\\/secure.gravatar.com\\\/avatar\\\/d3003b7276b42d67cb08145ce0298f9688fdb04e97fbb82f8cd93e63ad49a0a7?s=96&d=mm&r=g\",\"url\":\"https:\\\/\\\/secure.gravatar.com\\\/avatar\\\/d3003b7276b42d67cb08145ce0298f9688fdb04e97fbb82f8cd93e63ad49a0a7?s=96&d=mm&r=g\",\"contentUrl\":\"https:\\\/\\\/secure.gravatar.com\\\/avatar\\\/d3003b7276b42d67cb08145ce0298f9688fdb04e97fbb82f8cd93e63ad49a0a7?s=96&d=mm&r=g\",\"caption\":\"adam\"},\"sameAs\":[\"https:\\\/\\\/bartkowka.przemyska.pl\"],\"url\":\"https:\\\/\\\/bartkowka.przemyska.pl\\\/?author=1\"}]}<\/script>\n<!-- \/ Yoast SEO plugin. -->","yoast_head_json":{"title":"VI Niedziela Zwyk\u0142a \u2013 15.02.2026 r. - Parafia pw. \u015bw. Bart\u0142omieja w Dynowie","robots":{"index":"index","follow":"follow","max-snippet":"max-snippet:-1","max-image-preview":"max-image-preview:large","max-video-preview":"max-video-preview:-1"},"canonical":"https:\/\/bartkowka.przemyska.pl\/?p=81","og_locale":"pl_PL","og_type":"article","og_title":"VI Niedziela Zwyk\u0142a \u2013 15.02.2026 r. - Parafia pw. \u015bw. Bart\u0142omieja w Dynowie","og_description":"1. W tym tygodniu wypada \u015aroda Popielcowa, kt\u00f3ra rozpoczyna Wielki Post. Msze \u015bwi\u0119te o godz. 8:00 i 17:00. Na ka\u017cdej [&hellip;]","og_url":"https:\/\/bartkowka.przemyska.pl\/?p=81","og_site_name":"Parafia pw. \u015bw. Bart\u0142omieja w Dynowie","article_publisher":"https:\/\/www.facebook.com\/p\/Parafia-w-Bartomieja-w-Bartkwce-100071277346388\/","article_published_time":"2026-02-21T17:01:51+00:00","article_modified_time":"2026-02-28T19:34:16+00:00","og_image":[{"width":2560,"height":1920,"url":"https:\/\/bartkowka.przemyska.pl\/wp-content\/uploads\/2026\/02\/kosciol.webp","type":"image\/webp"}],"author":"adam","twitter_card":"summary_large_image","twitter_misc":{"Napisane przez":"adam","Szacowany czas czytania":"2 minuty"},"schema":{"@context":"https:\/\/schema.org","@graph":[{"@type":"Article","@id":"https:\/\/bartkowka.przemyska.pl\/?p=81#article","isPartOf":{"@id":"https:\/\/bartkowka.przemyska.pl\/?p=81"},"author":{"name":"adam","@id":"https:\/\/bartkowka.przemyska.pl\/#\/schema\/person\/296147a7f25e36d6c0178355ab1c03e2"},"headline":"VI Niedziela Zwyk\u0142a \u2013 15.02.2026 r.","datePublished":"2026-02-21T17:01:51+00:00","dateModified":"2026-02-28T19:34:16+00:00","mainEntityOfPage":{"@id":"https:\/\/bartkowka.przemyska.pl\/?p=81"},"wordCount":353,"commentCount":0,"publisher":{"@id":"https:\/\/bartkowka.przemyska.pl\/#organization"},"articleSection":["Og\u0142oszenia"],"inLanguage":"pl-PL","potentialAction":[{"@type":"CommentAction","name":"Comment","target":["https:\/\/bartkowka.przemyska.pl\/?p=81#respond"]}]},{"@type":"WebPage","@id":"https:\/\/bartkowka.przemyska.pl\/?p=81","url":"https:\/\/bartkowka.przemyska.pl\/?p=81","name":"VI Niedziela Zwyk\u0142a \u2013 15.02.2026 r. - Parafia pw. \u015bw. Bart\u0142omieja w Dynowie","isPartOf":{"@id":"https:\/\/bartkowka.przemyska.pl\/#website"},"datePublished":"2026-02-21T17:01:51+00:00","dateModified":"2026-02-28T19:34:16+00:00","breadcrumb":{"@id":"https:\/\/bartkowka.przemyska.pl\/?p=81#breadcrumb"},"inLanguage":"pl-PL","potentialAction":[{"@type":"ReadAction","target":["https:\/\/bartkowka.przemyska.pl\/?p=81"]}]},{"@type":"BreadcrumbList","@id":"https:\/\/bartkowka.przemyska.pl\/?p=81#breadcrumb","itemListElement":[{"@type":"ListItem","position":1,"name":"Strona g\u0142\u00f3wna","item":"https:\/\/bartkowka.przemyska.pl\/"},{"@type":"ListItem","position":2,"name":"VI Niedziela Zwyk\u0142a \u2013 15.02.2026 r."}]},{"@type":"WebSite","@id":"https:\/\/bartkowka.przemyska.pl\/#website","url":"https:\/\/bartkowka.przemyska.pl\/","name":"Parafia pw. \u015bw. Bart\u0142omieja w Dynowie","description":"Strona internetowa Parafii pod wezwaniem \u015bwi\u0119tego Bart\u0142omieja w Dynowie - informacje, og\u0142oszenia duszpasterskie, intencje mszalne, aktualno\u015bci, galeria i kontakt.","publisher":{"@id":"https:\/\/bartkowka.przemyska.pl\/#organization"},"alternateName":"Parafia Bartk\u00f3wka","potentialAction":[{"@type":"SearchAction","target":{"@type":"EntryPoint","urlTemplate":"https:\/\/bartkowka.przemyska.pl\/?s={search_term_string}"},"query-input":{"@type":"PropertyValueSpecification","valueRequired":true,"valueName":"search_term_string"}}],"inLanguage":"pl-PL"},{"@type":"Organization","@id":"https:\/\/bartkowka.przemyska.pl\/#organization","name":"Parafia pw. \u015bw. Bart\u0142omieja w Dynowie","alternateName":"Parafia Bartk\u00f3wka","url":"https:\/\/bartkowka.przemyska.pl\/","logo":{"@type":"ImageObject","inLanguage":"pl-PL","@id":"https:\/\/bartkowka.przemyska.pl\/#\/schema\/logo\/image\/","url":"https:\/\/bartkowka.przemyska.pl\/wp-content\/uploads\/2026\/02\/cropped-logo.png","contentUrl":"https:\/\/bartkowka.przemyska.pl\/wp-content\/uploads\/2026\/02\/cropped-logo.png","width":512,"height":512,"caption":"Parafia pw. \u015bw. Bart\u0142omieja w Dynowie"},"image":{"@id":"https:\/\/bartkowka.przemyska.pl\/#\/schema\/logo\/image\/"},"sameAs":["https:\/\/www.facebook.com\/p\/Parafia-w-Bartomieja-w-Bartkwce-100071277346388\/"]},{"@type":"Person","@id":"https:\/\/bartkowka.przemyska.pl\/#\/schema\/person\/296147a7f25e36d6c0178355ab1c03e2","name":"adam","image":{"@type":"ImageObject","inLanguage":"pl-PL","@id":"https:\/\/secure.gravatar.com\/avatar\/d3003b7276b42d67cb08145ce0298f9688fdb04e97fbb82f8cd93e63ad49a0a7?s=96&d=mm&r=g","url":"https:\/\/secure.gravatar.com\/avatar\/d3003b7276b42d67cb08145ce0298f9688fdb04e97fbb82f8cd93e63ad49a0a7?s=96&d=mm&r=g","contentUrl":"https:\/\/secure.gravatar.com\/avatar\/d3003b7276b42d67cb08145ce0298f9688fdb04e97fbb82f8cd93e63ad49a0a7?s=96&d=mm&r=g","caption":"adam"},"sameAs":["https:\/\/bartkowka.przemyska.pl"],"url":"https:\/\/bartkowka.przemyska.pl\/?author=1"}]}},"_links":{"self":[{"href":"https:\/\/bartkowka.przemyska.pl\/index.php?rest_route=\/wp\/v2\/posts\/81","targetHints":{"allow":["GET"]}}],"collection":[{"href":"https:\/\/bartkowka.przemyska.pl\/index.php?rest_route=\/wp\/v2\/posts"}],"about":[{"href":"https:\/\/bartkowka.przemyska.pl\/index.php?rest_route=\/wp\/v2\/types\/post"}],"author":[{"embeddable":true,"href":"https:\/\/bartkowka.przemyska.pl\/index.php?rest_route=\/wp\/v2\/users\/1"}],"replies":[{"embeddable":true,"href":"https:\/\/bartkowka.przemyska.pl\/index.php?rest_route=%2Fwp%2Fv2%2Fcomments&post=81"}],"version-history":[{"count":2,"href":"https:\/\/bartkowka.przemyska.pl\/index.php?rest_route=\/wp\/v2\/posts\/81\/revisions"}],"predecessor-version":[{"id":83,"href":"https:\/\/bartkowka.przemyska.pl\/index.php?rest_route=\/wp\/v2\/posts\/81\/revisions\/83"}],"wp:attachment":[{"href":"https:\/\/bartkowka.przemyska.pl\/index.php?rest_route=%2Fwp%2Fv2%2Fmedia&parent=81"}],"wp:term":[{"taxonomy":"category","embeddable":true,"href":"https:\/\/bartkowka.przemyska.pl\/index.php?rest_route=%2Fwp%2Fv2%2Fcategories&post=81"},{"taxonomy":"post_tag","embeddable":true,"href":"https:\/\/bartkowka.przemyska.pl\/index.php?rest_route=%2Fwp%2Fv2%2Ftags&post=81"}],"curies":[{"name":"wp","href":"https:\/\/api.w.org\/{rel}","templated":true}]}}